{"id":811,"date":"2017-07-06T07:29:31","date_gmt":"2017-07-06T07:29:31","guid":{"rendered":"http:\/\/espiritualidade.carmelitas.pt\/boletim\/?p=811"},"modified":"2017-07-06T07:29:31","modified_gmt":"2017-07-06T07:29:31","slug":"geocaching-vocacional-irmazinhas-de-jesus","status":"publish","type":"post","link":"https:\/\/espiritualidade.carmelitas.pt\/boletim\/geocaching-vocacional-irmazinhas-de-jesus\/","title":{"rendered":"Geocaching Vocacional\u00a0:\u00a0Irm\u00e3zinhas de Jesus"},"content":{"rendered":"<p><strong>\u00c9 isto que gostar\u00edamos de ser\u2026<\/strong><\/p>\n<p>O nosso fundador, o irm\u00e3o Carlos de Jesus (Carlos de Foucauld), dizia: \u201c<strong>Apaixonei-me<\/strong>\u00a0por este\u00a0<strong>Jesus de Nazar\u00e9<\/strong>, crucificado h\u00e1 1900 anos e passo a minha vida a procurar imit\u00e1-lo, o mais que pode a minha fraqueza\u201d (Mar\u00e7o 1908).<\/p>\n<p>A irm\u00e3zinha Magdeleine, que come\u00e7ou a Fraternidade das Irm\u00e3zinhas de Jesus (nome da nossa Congrega\u00e7\u00e3o) em 1939, dizia-nos o mesmo: \u201cJesus ser\u00e1 a tua vida e a paix\u00e3o do teu cora\u00e7\u00e3o. Ele ser\u00e1 o teu \u201cmodelo \u00fanico\u201d, o teu Muito Amado Irm\u00e3o e Senhor Jesus\u201d.<\/p>\n<p><strong>Irm\u00e3zinhas de Jesus<\/strong>\u00a0e, do mesmo jeito, irm\u00e3zinhas dos<strong>\u00a0preferidos<\/strong>\u00a0<strong>de Jesus<\/strong>, dos desprotegidos, dos exclu\u00eddos, de\u00a0 todos aqueles que n\u00e3o contam para o nosso mundo e vivem nas grandes periferias\u2026 como acontece aqui no nosso bairro da\u00a0<strong>Quinta da Fonte \u2013 Apela\u00e7\u00e3o.<\/strong><\/p>\n<p><strong>\u00a0<\/strong><\/p>\n<p>Hoje, na hora da \u201creforma\u201d, ap\u00f3s muitos anos de trabalho em f\u00e1brica, limpeza, etc\u2026para ganharmos a vida, estamos \u2013 Maria do Carmo, Merce et M\u00f3nica \u2013 ainda mais dispon\u00edveis em \u201csa\u00edda\u201d, na rua (como diz Francisco, nosso Papa), onde a rela\u00e7\u00e3o \u00e9 t\u00e3o f\u00e1cil e amig\u00e1vel, apesar duma vida dif\u00edcil para muitos.<\/p>\n<p>Vivemos com os nossos vizinhos o mais poss\u00edvel o seu quotidiano, as suas preocupa\u00e7\u00f5es e alegrias na escuta, no respeito e na amizade.<\/p>\n<p>Estando atentas \u00e0s suas necessidades, procuramos visitar as pessoas que est\u00e3o s\u00f3s, doentes, que precisam de ser acompanhadas ao hospital\u2026<\/p>\n<p>Com os vizinhos da horta vivemos com eles uma grande entreajuda.<\/p>\n<p>Apoiamos os pequenos grupos do MAAC, JOC, LOC; participamos nas reuni\u00f5es do grupo comunit\u00e1rio de que fazem parte representantes do Munic\u00edpio, etc\u2026<\/p>\n<p>Algum tempo de voluntariado na \u201cVida e Paz\u201d e num lar de idosos.<\/p>\n<p>Sabendo deixar-nos acolher e ensinar por todos os nossos vizinhos, aprendemos muito da sua solidariedade e compaix\u00e3o!<\/p>\n<p>&nbsp;<\/p>\n<p>Tu, que procuras como amar a Jesus e os irm\u00e3os,\u00a0<strong>em comunidade\u2026<\/strong><\/p>\n<p>Convidamos-te a passar um momento, um dia connosco, aqui na<\/p>\n<p><strong>Quinta da Fonte,\u00a0<\/strong>para te darmos a conhecer os nossos vizinhos e amigos deste grande bairro social. (tel. 21 941 03 36).<\/p>\n<p>No nosso apartamento apresentamos-te a\u00a0<strong>nossa capela<\/strong>, onde\u00a0<strong>Jesus<\/strong>\u00a0est\u00e1 presente e faz a nossa\u00a0<strong>Unidade<\/strong>.<\/p>\n<p><strong>Vem e v\u00ea!<\/strong><\/p>\n<p>&nbsp;<\/p>\n<p>Fonte:\u00a0http:\/\/www.vozdaverdade.org\/site\/index.php?cont_=ver2&amp;id=6526<\/p>\n","protected":false},"excerpt":{"rendered":"<p>\u00c9 isto que gostar\u00edamos de ser\u2026 O nosso fundador, o irm\u00e3o Carlos de Jesus (Carlos de Foucauld), dizia: \u201cApaixonei-me\u00a0por este\u00a0Jesus de Nazar\u00e9, crucificado h\u00e1 1900 anos e passo a minha [&hellip;]<\/p>\n","protected":false},"author":1,"featured_media":812,"comment_status":"closed","ping_status":"open","sticky":false,"template":"","format":"standard","meta":{"_et_pb_use_builder":"","_et_pb_old_content":"","_et_gb_content_width":"","footnotes":""},"categories":[17,15],"tags":[],"class_list":["post-811","post","type-post","status-publish","format-standard","has-post-thumbnail","hentry","category-jovens","category-vocacao","et-has-post-format-content","et_post_format-et-post-format-standard"],"_links":{"self":[{"href":"https:\/\/espiritualidade.carmelitas.pt\/boletim\/wp-json\/wp\/v2\/posts\/811","targetHints":{"allow":["GET"]}}],"collection":[{"href":"https:\/\/espiritualidade.carmelitas.pt\/boletim\/wp-json\/wp\/v2\/posts"}],"about":[{"href":"https:\/\/espiritualidade.carmelitas.pt\/boletim\/wp-json\/wp\/v2\/types\/post"}],"author":[{"embeddable":true,"href":"https:\/\/espiritualidade.carmelitas.pt\/boletim\/wp-json\/wp\/v2\/users\/1"}],"replies":[{"embeddable":true,"href":"https:\/\/espiritualidade.carmelitas.pt\/boletim\/wp-json\/wp\/v2\/comments?post=811"}],"version-history":[{"count":1,"href":"https:\/\/espiritualidade.carmelitas.pt\/boletim\/wp-json\/wp\/v2\/posts\/811\/revisions"}],"predecessor-version":[{"id":813,"href":"https:\/\/espiritualidade.carmelitas.pt\/boletim\/wp-json\/wp\/v2\/posts\/811\/revisions\/813"}],"wp:featuredmedia":[{"embeddable":true,"href":"https:\/\/espiritualidade.carmelitas.pt\/boletim\/wp-json\/wp\/v2\/media\/812"}],"wp:attachment":[{"href":"https:\/\/espiritualidade.carmelitas.pt\/boletim\/wp-json\/wp\/v2\/media?parent=811"}],"wp:term":[{"taxonomy":"category","embeddable":true,"href":"https:\/\/espiritualidade.carmelitas.pt\/boletim\/wp-json\/wp\/v2\/categories?post=811"},{"taxonomy":"post_tag","embeddable":true,"href":"https:\/\/espiritualidade.carmelitas.pt\/boletim\/wp-json\/wp\/v2\/tags?post=811"}],"curies":[{"name":"wp","href":"https:\/\/api.w.org\/{rel}","templated":true}]}}