{"id":527,"date":"2017-06-18T14:26:31","date_gmt":"2017-06-18T14:26:31","guid":{"rendered":"http:\/\/espiritualidade.carmelitas.pt\/boletim\/?p=527"},"modified":"2017-06-18T14:26:36","modified_gmt":"2017-06-18T14:26:36","slug":"a-influencia-dos-carmelitas-descalcos-na-construcao-da-mata-do-bussaco","status":"publish","type":"post","link":"https:\/\/espiritualidade.carmelitas.pt\/boletim\/a-influencia-dos-carmelitas-descalcos-na-construcao-da-mata-do-bussaco\/","title":{"rendered":"A Influ\u00eancia dos Carmelitas Descal\u00e7os na constru\u00e7\u00e3o da mata do Bussaco"},"content":{"rendered":"<p class=\"p2\"><span class=\"s2\"><b>Exposi\u00e7\u00e3o<\/b><\/span><\/p>\n<p class=\"p3\">As funda\u00e7\u00f5es Luso e Mata do Bussaco inauguraram no dia 28 de Julho, \u00e0s 11h, a exposi\u00e7\u00e3o \u201cInflu\u00eancia dos Carmelitas Descal\u00e7os na constru\u00e7\u00e3o da Mata do Bussaco\u201d, que estar\u00e1 patente ao p\u00fablico no Casino de Luso, na Vila do Luso, de 28 de Julho a 15 de Outubro. A referida exposi\u00e7\u00e3o tem como principal objectivo dar a conhecer a influ\u00eancia que os Carmelitas Descal\u00e7os tiveram na planta\u00e7\u00e3o e edifica\u00e7\u00e3o da Mata do Bussaco e o contributo singular na cria\u00e7\u00e3o de um legado patrimonial \u00fanico, de que todos hoje podemos usufruir.<\/p>\n<p class=\"p3\">Saliente-se a oportuna ocasi\u00e3o para a realiza\u00e7\u00e3o desta exposi\u00e7\u00e3o, agora que a Mata Nacional do Bussaco \u00e9 candidata a Patrim\u00f3nio Mundial da UNESCO, pelo seu excepcional valor e riqueza. Um patrim\u00f3nio hist\u00f3rico que se reflecte atrav\u00e9s das in\u00fameras edifica\u00e7\u00f5es que transportam os visitantes para um espa\u00e7o excepcional, m\u00edstico e espiritual desta Ordem Religiosa.<\/p>\n","protected":false},"excerpt":{"rendered":"<p>Exposi\u00e7\u00e3o As funda\u00e7\u00f5es Luso e Mata do Bussaco inauguraram no dia 28 de Julho, \u00e0s 11h, a exposi\u00e7\u00e3o \u201cInflu\u00eancia dos Carmelitas Descal\u00e7os na constru\u00e7\u00e3o da Mata do Bussaco\u201d, que estar\u00e1 [&hellip;]<\/p>\n","protected":false},"author":1,"featured_media":0,"comment_status":"closed","ping_status":"open","sticky":false,"template":"","format":"standard","meta":{"_et_pb_use_builder":"","_et_pb_old_content":"","_et_gb_content_width":"","footnotes":""},"categories":[13],"tags":[],"class_list":["post-527","post","type-post","status-publish","format-standard","hentry","category-divulgacao","et-doesnt-have-format-content","et_post_format-et-post-format-standard"],"_links":{"self":[{"href":"https:\/\/espiritualidade.carmelitas.pt\/boletim\/wp-json\/wp\/v2\/posts\/527","targetHints":{"allow":["GET"]}}],"collection":[{"href":"https:\/\/espiritualidade.carmelitas.pt\/boletim\/wp-json\/wp\/v2\/posts"}],"about":[{"href":"https:\/\/espiritualidade.carmelitas.pt\/boletim\/wp-json\/wp\/v2\/types\/post"}],"author":[{"embeddable":true,"href":"https:\/\/espiritualidade.carmelitas.pt\/boletim\/wp-json\/wp\/v2\/users\/1"}],"replies":[{"embeddable":true,"href":"https:\/\/espiritualidade.carmelitas.pt\/boletim\/wp-json\/wp\/v2\/comments?post=527"}],"version-history":[{"count":1,"href":"https:\/\/espiritualidade.carmelitas.pt\/boletim\/wp-json\/wp\/v2\/posts\/527\/revisions"}],"predecessor-version":[{"id":528,"href":"https:\/\/espiritualidade.carmelitas.pt\/boletim\/wp-json\/wp\/v2\/posts\/527\/revisions\/528"}],"wp:attachment":[{"href":"https:\/\/espiritualidade.carmelitas.pt\/boletim\/wp-json\/wp\/v2\/media?parent=527"}],"wp:term":[{"taxonomy":"category","embeddable":true,"href":"https:\/\/espiritualidade.carmelitas.pt\/boletim\/wp-json\/wp\/v2\/categories?post=527"},{"taxonomy":"post_tag","embeddable":true,"href":"https:\/\/espiritualidade.carmelitas.pt\/boletim\/wp-json\/wp\/v2\/tags?post=527"}],"curies":[{"name":"wp","href":"https:\/\/api.w.org\/{rel}","templated":true}]}}