{"id":521,"date":"2017-06-18T14:24:44","date_gmt":"2017-06-18T14:24:44","guid":{"rendered":"http:\/\/espiritualidade.carmelitas.pt\/boletim\/?p=521"},"modified":"2017-06-18T14:24:44","modified_gmt":"2017-06-18T14:24:44","slug":"a-pergunta-e-a-viagem","status":"publish","type":"post","link":"https:\/\/espiritualidade.carmelitas.pt\/boletim\/a-pergunta-e-a-viagem\/","title":{"rendered":"A pergunta e a viagem"},"content":{"rendered":"<p class=\"p2\">\u201cA pergunta e a viagem &#8211; A prop\u00f3sito de vida espiritual\u201d, de Paolo Scquizzato, \u00e9 um dos mais recentes lan\u00e7amentos com que as edi\u00e7\u00f5es<span class=\"Apple-converted-space\">\u00a0 <\/span>Paulinas nos presenteiam. A viagem mais importante e comprometedora de todas \u00e9 a que decidimos fazer ao \u00edntimo de n\u00f3s pr\u00f3prios. Como no-lo exp\u00f5e o autor, \u00e9 atrav\u00e9s desta viagem que nos encontramos. Poder\u00e1 ser uma viagem de fadiga, mas \u00e9 certamente uma experi\u00eancia fascinante. Partindo do cais do t\u00e9dio e despeda\u00e7ando o engano da banalidade, compensar-nos-\u00e1 aportar a um horizonte de sentido a que todo o ser humano foi chamado e a que est\u00e1 destinado.<\/p>\n<p class=\"p3\"><span class=\"s2\"><b>Edi\u00e7\u00e3o: Paulinas<\/b><\/span><\/p>\n","protected":false},"excerpt":{"rendered":"<p>\u201cA pergunta e a viagem &#8211; A prop\u00f3sito de vida espiritual\u201d, de Paolo Scquizzato, \u00e9 um dos mais recentes lan\u00e7amentos com que as edi\u00e7\u00f5es\u00a0 Paulinas nos presenteiam. A viagem mais [&hellip;]<\/p>\n","protected":false},"author":1,"featured_media":0,"comment_status":"closed","ping_status":"open","sticky":false,"template":"","format":"standard","meta":{"_et_pb_use_builder":"","_et_pb_old_content":"","_et_gb_content_width":"","footnotes":""},"categories":[8],"tags":[],"class_list":["post-521","post","type-post","status-publish","format-standard","hentry","category-livros","et-doesnt-have-format-content","et_post_format-et-post-format-standard"],"_links":{"self":[{"href":"https:\/\/espiritualidade.carmelitas.pt\/boletim\/wp-json\/wp\/v2\/posts\/521","targetHints":{"allow":["GET"]}}],"collection":[{"href":"https:\/\/espiritualidade.carmelitas.pt\/boletim\/wp-json\/wp\/v2\/posts"}],"about":[{"href":"https:\/\/espiritualidade.carmelitas.pt\/boletim\/wp-json\/wp\/v2\/types\/post"}],"author":[{"embeddable":true,"href":"https:\/\/espiritualidade.carmelitas.pt\/boletim\/wp-json\/wp\/v2\/users\/1"}],"replies":[{"embeddable":true,"href":"https:\/\/espiritualidade.carmelitas.pt\/boletim\/wp-json\/wp\/v2\/comments?post=521"}],"version-history":[{"count":1,"href":"https:\/\/espiritualidade.carmelitas.pt\/boletim\/wp-json\/wp\/v2\/posts\/521\/revisions"}],"predecessor-version":[{"id":522,"href":"https:\/\/espiritualidade.carmelitas.pt\/boletim\/wp-json\/wp\/v2\/posts\/521\/revisions\/522"}],"wp:attachment":[{"href":"https:\/\/espiritualidade.carmelitas.pt\/boletim\/wp-json\/wp\/v2\/media?parent=521"}],"wp:term":[{"taxonomy":"category","embeddable":true,"href":"https:\/\/espiritualidade.carmelitas.pt\/boletim\/wp-json\/wp\/v2\/categories?post=521"},{"taxonomy":"post_tag","embeddable":true,"href":"https:\/\/espiritualidade.carmelitas.pt\/boletim\/wp-json\/wp\/v2\/tags?post=521"}],"curies":[{"name":"wp","href":"https:\/\/api.w.org\/{rel}","templated":true}]}}