{"id":517,"date":"2017-06-18T14:23:32","date_gmt":"2017-06-18T14:23:32","guid":{"rendered":"http:\/\/espiritualidade.carmelitas.pt\/boletim\/?p=517"},"modified":"2017-06-18T14:23:32","modified_gmt":"2017-06-18T14:23:32","slug":"curso-online-o-mundo-da-biblia","status":"publish","type":"post","link":"https:\/\/espiritualidade.carmelitas.pt\/boletim\/curso-online-o-mundo-da-biblia\/","title":{"rendered":"Curso online: O Mundo da B\u00edblia"},"content":{"rendered":"<p class=\"p2\"><span class=\"s2\"><b>De Outubro de 2016 a Mar\u00e7o de 2017, decorrer\u00e1 a 2\u00aa edi\u00e7\u00e3o do Curso<\/b><\/span><\/p>\n<p class=\"p3\">\u201cO Mundo da B\u00edblia \u2013 Geografia, Hist\u00f3ria e Cultura\u201d \u00e9 o tema do curso online com o objectivo de responder e ajudar as pessoas que se interessam pela leitura, o estudo, a compreens\u00e3o, o aprofundamento do conhecimento na \u00e1rea da Sagrada Escritura, cujas inscri\u00e7\u00f5es j\u00e1 se encontram abertas. Mais informa\u00e7\u00f5es em:<\/p>\n<p class=\"p3\">http:\/\/www.ft.lisboa.ucp.pt\/resources\/Documentos\/GAFA\/Mundo%20da%20B%C3%ADblia_regulamento2016_17.pdf<\/p>\n","protected":false},"excerpt":{"rendered":"<p>De Outubro de 2016 a Mar\u00e7o de 2017, decorrer\u00e1 a 2\u00aa edi\u00e7\u00e3o do Curso \u201cO Mundo da B\u00edblia \u2013 Geografia, Hist\u00f3ria e Cultura\u201d \u00e9 o tema do curso online com [&hellip;]<\/p>\n","protected":false},"author":1,"featured_media":0,"comment_status":"closed","ping_status":"open","sticky":false,"template":"","format":"standard","meta":{"_et_pb_use_builder":"","_et_pb_old_content":"","_et_gb_content_width":"","footnotes":""},"categories":[1],"tags":[],"class_list":["post-517","post","type-post","status-publish","format-standard","hentry","category-cursos","et-doesnt-have-format-content","et_post_format-et-post-format-standard"],"_links":{"self":[{"href":"https:\/\/espiritualidade.carmelitas.pt\/boletim\/wp-json\/wp\/v2\/posts\/517","targetHints":{"allow":["GET"]}}],"collection":[{"href":"https:\/\/espiritualidade.carmelitas.pt\/boletim\/wp-json\/wp\/v2\/posts"}],"about":[{"href":"https:\/\/espiritualidade.carmelitas.pt\/boletim\/wp-json\/wp\/v2\/types\/post"}],"author":[{"embeddable":true,"href":"https:\/\/espiritualidade.carmelitas.pt\/boletim\/wp-json\/wp\/v2\/users\/1"}],"replies":[{"embeddable":true,"href":"https:\/\/espiritualidade.carmelitas.pt\/boletim\/wp-json\/wp\/v2\/comments?post=517"}],"version-history":[{"count":1,"href":"https:\/\/espiritualidade.carmelitas.pt\/boletim\/wp-json\/wp\/v2\/posts\/517\/revisions"}],"predecessor-version":[{"id":518,"href":"https:\/\/espiritualidade.carmelitas.pt\/boletim\/wp-json\/wp\/v2\/posts\/517\/revisions\/518"}],"wp:attachment":[{"href":"https:\/\/espiritualidade.carmelitas.pt\/boletim\/wp-json\/wp\/v2\/media?parent=517"}],"wp:term":[{"taxonomy":"category","embeddable":true,"href":"https:\/\/espiritualidade.carmelitas.pt\/boletim\/wp-json\/wp\/v2\/categories?post=517"},{"taxonomy":"post_tag","embeddable":true,"href":"https:\/\/espiritualidade.carmelitas.pt\/boletim\/wp-json\/wp\/v2\/tags?post=517"}],"curies":[{"name":"wp","href":"https:\/\/api.w.org\/{rel}","templated":true}]}}