{"id":515,"date":"2017-06-18T14:23:12","date_gmt":"2017-06-18T14:23:12","guid":{"rendered":"http:\/\/espiritualidade.carmelitas.pt\/boletim\/?p=515"},"modified":"2017-06-18T14:23:12","modified_gmt":"2017-06-18T14:23:12","slug":"concilio-vaticano-ii-50-anos-depois","status":"publish","type":"post","link":"https:\/\/espiritualidade.carmelitas.pt\/boletim\/concilio-vaticano-ii-50-anos-depois\/","title":{"rendered":"Conc\u00edlio Vaticano II. 50 Anos Depois"},"content":{"rendered":"<p class=\"p2\"><span class=\"s2\"><b>Curso em regime elearning na Universidade Cat\u00f3lica Portuguesa<\/b><\/span><\/p>\n<p class=\"p3\">A Faculdade de Teologia da Universidade Cat\u00f3lica Portuguesa (UCP) vai realizar um curso online sobre o \u201cConc\u00edclio Vaticano II \u2013 50 anos depois\u201d.<\/p>\n<p class=\"p3\">A coordena\u00e7\u00e3o do estudo est\u00e1 a cargo dos professores Jer\u00f3nimo Trigo e Juan Ambrosio e ter\u00e1 a sua primeira edi\u00e7\u00e3o no pr\u00f3ximo ano lectivo com in\u00edcio previsto para outubro. A Faculdade de Teologia disponibiliza toda a informa\u00e7\u00e3o sobre esta iniciativa em: http:\/\/www.ft.lisboa.ucp.pt.<\/p>\n","protected":false},"excerpt":{"rendered":"<p>Curso em regime elearning na Universidade Cat\u00f3lica Portuguesa A Faculdade de Teologia da Universidade Cat\u00f3lica Portuguesa (UCP) vai realizar um curso online sobre o \u201cConc\u00edclio Vaticano II \u2013 50 anos [&hellip;]<\/p>\n","protected":false},"author":1,"featured_media":0,"comment_status":"closed","ping_status":"open","sticky":false,"template":"","format":"standard","meta":{"_et_pb_use_builder":"","_et_pb_old_content":"","_et_gb_content_width":"","footnotes":""},"categories":[1],"tags":[],"class_list":["post-515","post","type-post","status-publish","format-standard","hentry","category-cursos","et-doesnt-have-format-content","et_post_format-et-post-format-standard"],"_links":{"self":[{"href":"https:\/\/espiritualidade.carmelitas.pt\/boletim\/wp-json\/wp\/v2\/posts\/515","targetHints":{"allow":["GET"]}}],"collection":[{"href":"https:\/\/espiritualidade.carmelitas.pt\/boletim\/wp-json\/wp\/v2\/posts"}],"about":[{"href":"https:\/\/espiritualidade.carmelitas.pt\/boletim\/wp-json\/wp\/v2\/types\/post"}],"author":[{"embeddable":true,"href":"https:\/\/espiritualidade.carmelitas.pt\/boletim\/wp-json\/wp\/v2\/users\/1"}],"replies":[{"embeddable":true,"href":"https:\/\/espiritualidade.carmelitas.pt\/boletim\/wp-json\/wp\/v2\/comments?post=515"}],"version-history":[{"count":1,"href":"https:\/\/espiritualidade.carmelitas.pt\/boletim\/wp-json\/wp\/v2\/posts\/515\/revisions"}],"predecessor-version":[{"id":516,"href":"https:\/\/espiritualidade.carmelitas.pt\/boletim\/wp-json\/wp\/v2\/posts\/515\/revisions\/516"}],"wp:attachment":[{"href":"https:\/\/espiritualidade.carmelitas.pt\/boletim\/wp-json\/wp\/v2\/media?parent=515"}],"wp:term":[{"taxonomy":"category","embeddable":true,"href":"https:\/\/espiritualidade.carmelitas.pt\/boletim\/wp-json\/wp\/v2\/categories?post=515"},{"taxonomy":"post_tag","embeddable":true,"href":"https:\/\/espiritualidade.carmelitas.pt\/boletim\/wp-json\/wp\/v2\/tags?post=515"}],"curies":[{"name":"wp","href":"https:\/\/api.w.org\/{rel}","templated":true}]}}