{"id":4830,"date":"2026-08-31T02:15:00","date_gmt":"2026-08-31T02:15:00","guid":{"rendered":"https:\/\/espiritualidade.carmelitas.pt\/boletim\/?p=4830"},"modified":"2026-08-28T07:51:19","modified_gmt":"2026-08-28T07:51:19","slug":"tres-perguntas-e-mais-uma-sobre-o-livro-vozeirinhos","status":"publish","type":"post","link":"https:\/\/espiritualidade.carmelitas.pt\/boletim\/tres-perguntas-e-mais-uma-sobre-o-livro-vozeirinhos\/","title":{"rendered":"Tr\u00eas perguntas e\u2026 mais uma: Sobre o livro \u201cVozeirinhos\u201d"},"content":{"rendered":"\n<ol class=\"wp-block-list\">\n<li><strong>Parab\u00e9ns, Ver\u00f3nica, por mais um novo livro. De que urg\u00eancia nasceu este livro? Ali\u00e1s, at\u00e9 parecem dois livros: um em formato texto, outro em formato ilustra\u00e7\u00e3o!<\/strong><br>Muito obrigada, Frei Jo\u00e3o! E obrigada tamb\u00e9m \u00e0s Edi\u00e7\u00f5es Carmelo pela aposta que fizeram. Pois bem, acredito que todos os livros t\u00eam uma origem invis\u00edvel. Antes de serem escritos, s\u00e3o vividos. O Vozeirinhos nasceu de muitos encontros, de muitas escutas e de um profundo respeito pelo universo da adolesc\u00eancia.<br>Ao longo do meu percurso como educadora, investigadora e mulher profundamente fascinada pelo crescimento humano, fui percebendo que os adolescentes transportam um mundo interior de enorme riqueza, mas nem sempre encontram espa\u00e7os seguros para o revelar. Vivemos numa sociedade que lhes exige resultados, autonomia e decis\u00f5es cada vez mais precocemente, mas que, paradoxalmente, lhes oferece poucas oportunidades para aprenderem a conhecer-se por dentro. Ensina-se a resolver problemas, mas raramente a reconhecer o medo, a compreender a tristeza, a acolher a diferen\u00e7a ou a celebrar a alegria.<br>Foi desta constata\u00e7\u00e3o que nasceu o Vozeirinhos.<br><br>Quis escrever um livro onde a leitura fosse mais do que um lugar de hist\u00f3rias. Quis que fosse um espa\u00e7o de (re)encontro, de escuta e de educa\u00e7\u00e3o atrav\u00e9s das emo\u00e7\u00f5es. Acredito profundamente que as narrativas possuem um poder quase alqu\u00edmico: permitem-nos olhar para as emo\u00e7\u00f5es atrav\u00e9s da vida das personagens e, sem darmos conta, acabamos por encontrar um pouco de n\u00f3s pr\u00f3prios, de mim e dos outros, e dos outros em mim.<br><br>Cada conto \u00e9 um convite \u00e0 reflex\u00e3o. N\u00e3o procuro oferecer respostas fechadas, mas despertar perguntas. Afinal, educar n\u00e3o \u00e9 encher algu\u00e9m de certezas; \u00e9 ajud\u00e1-lo a descobrir o sentido das suas pr\u00f3prias experi\u00eancias. E foi a partir das experi\u00eancias dos outros que as escrevi\u2026<br><br>H\u00e1 uma frase de Rubem Alves que me acompanha: \u00abEducar \u00e9 mostrar a vida a quem ainda n\u00e3o a viu\u00bb. Talvez o Vozeirinhos seja isso mesmo: uma tentativa de iluminar, com delicadeza, algumas pequenas vozes onde tantas vezes habitam o sil\u00eancio, a d\u00favida e a desesperan\u00e7a.<br><br>Quanto \u00e0s ilustra\u00e7\u00f5es, sinto que este livro teve a felicidade de encontrar a pessoa certa para tal. S\u00e3o da minha querida amiga Gita Pereira, que em boa hora a vida colocou no meu caminho atrav\u00e9s do meu grande amigo Sim\u00e3o Pedro. Houve entre n\u00f3s um encontro de sensibilidades dif\u00edcil de explicar. A Gita n\u00e3o ilustrou simplesmente os contos, ela interpretou-os; entrou em cada hist\u00f3ria com uma escuta muito pr\u00f3pria, compreendeu-lhe os s\u00edmbolos, os sil\u00eancios e as emo\u00e7\u00f5es, e devolveu-os atrav\u00e9s da sua arte de uma forma absolutamente comovente.<br><br>As suas ilustra\u00e7\u00f5es falam por si. S\u00e3o de enorme riqueza art\u00edstica e emocional. N\u00e3o explicam simplesmente os textos, dialogam com eles. Ampliam-nos. Acrescentam camadas de significado e convidam o leitor a permanecer mais tempo em cada hist\u00f3ria.<br><br>Gosto de pensar que o Vozeirinhos tem duas almas. Uma escreve-se com palavras; outra desenha-se com luz, cor e sil\u00eancio. E ambas caminham na mesma dire\u00e7\u00e3o: tocar o cora\u00e7\u00e3o de quem l\u00ea.<br><\/li>\n\n\n\n<li><strong>O Vozeirinhos \u00e9 uma leitura para gente madura ou para jovens? Se \u00e9 para jovens, acreditas mesmo que eles o v\u00e3o ler?<\/strong><br>O Vozeirinhos foi pensado para adolescentes, mas acredito que pertence a todos aqueles que nunca deixaram de procurar compreender o ser humano.<br><br>A adolesc\u00eancia \u00e9 um tempo profundamente belo e exigente. \u00c9 a esta\u00e7\u00e3o da vida onde se constroem identidades, onde nascem grandes sonhos, mas tamb\u00e9m grandes inquieta\u00e7\u00f5es. \u00c9 quando come\u00e7amos a perguntar quem somos, quem queremos ser e onde encontramos o nosso lugar no mundo. (Perguntas que muitas vezes ouvi o Padre Maciel proferir nas homilias dominicais, quando ia acompanhada de meus pais.) Eu tamb\u00e9m j\u00e1 fui adolescente. Todos o fomos ou estamos a ser. E que belo caminho que percorremos! Hoje, enquanto educadora, aprendi que n\u00e3o basta ensinar conte\u00fados. \u00c9 igualmente necess\u00e1rio educar o cora\u00e7\u00e3o. A escola, a fam\u00edlia e a sociedade t\u00eam a miss\u00e3o de ajudar os adolescentes a desenvolver compet\u00eancias emocionais, a empatia, o pensamento cr\u00edtico e a capacidade de construir rela\u00e7\u00f5es saud\u00e1veis, porque a educa\u00e7\u00e3o n\u00e3o acontece apenas quando transmitimos conhecimento; acontece, sobretudo, quando ajudamos algu\u00e9m a compreender-se a si pr\u00f3prio. \u00c9 precisamente a\u00ed que a leitura revela toda a sua for\u00e7a.<br><br>Uma hist\u00f3ria pode abrir caminhos que um discurso nunca conseguiria abrir. E por sua vez, uma personagem pode dizer aquilo que um(a) adolescente ainda n\u00e3o consegue verbalizar. Enfim, um conto pode tornar-se um espelho onde o leitor se reconhece sem medo de ser julgado.<br><br>Perguntam-me muitas vezes se os adolescentes ainda leem. Sabe, Frei Jo\u00e3o, eu gosto de responder com outra pergunta: estaremos n\u00f3s a escrever os livros que verdadeiramente dialoguem com os adolescentes? Ser\u00e1 que sim?<br><br>Penso que os adolescentes continuam a procurar hist\u00f3rias aut\u00eanticas, que respeitem a sua intelig\u00eancia, que n\u00e3o os infantilizem e lhes permitam pensar, sentir e crescer.<br><br>Espero que o Vozeirinhos seja exatamente isto: um companheiro de viagem. Um livro que n\u00e3o lhes diga quem devem ser, ou como devem ser e sentir, mas que os ajude a escutar as pequenas vozes que j\u00e1 habitam dentro deles. Enfim, eu acredito que a leitura continua a ser uma das formas mais belas de educar a sensibilidade e de construir humanidade.<br><\/li>\n\n\n\n<li><strong>Sabes que ao lermos os contos parece que eles s\u00e3o reais?<\/strong><br>Perfeito! Se assim \u00e9, fico muito satisfeita. Talvez seja o elogio que mais me emociona. Porque a realidade de uma hist\u00f3ria n\u00e3o depende dela ter acontecido exatamente daquela forma. Mas da verdade das emo\u00e7\u00f5es que transporta. As personagens s\u00e3o ficcionadas, claro, mas as emo\u00e7\u00f5es s\u00e3o profundamente humanas.<br><br>Ao longo da minha vida profissional \u2013 que j\u00e1 n\u00e3o \u00e9 t\u00e3o curta assim \u2013 fui escutando muitos adolescentes, muitas fam\u00edlias, muitos sil\u00eancios e muitas perguntas sem resposta. Ali\u00e1s, em meu tempo eu tamb\u00e9m as tive. E tamb\u00e9m vivi o turbilh\u00e3o da adolesc\u00eancia. Mas repare: nunca escrevi a hist\u00f3ria de uma pessoa em particular. Escrevi, antes, aquilo que tantas vidas tinham em comum: o medo de n\u00e3o ser suficiente, a necessidade de perten\u00e7a, a for\u00e7a da amizade, a dor da perda, a esperan\u00e7a que insiste em permanecer mesmo nos dias mais dif\u00edceis, porque a literatura tem esta extraordin\u00e1ria capacidade de transformar experi\u00eancias individuais em patrim\u00f3nio humano.<br><br>Quando um leitor encontra uma parte de si numa personagem, deixa de sentir que est\u00e1 sozinho \u2013 \u00e9 isto que eu creio. Descobre que aquilo que sente tem nome, que pode ser compreendido e que faz parte do processo de crescer. \u00c9 tamb\u00e9m por isso que considero a literatura uma poderosa ferramenta educativa. Ela ensina sem moralizar. Questiona sem impor. Humaniza sem julgar. Talvez os contos pare\u00e7am reais porque todos n\u00f3s, em algum momento da vida, fomos um pouco de cada uma daquelas personagens. No fundo, acredito que cada hist\u00f3ria \u00e9 simultaneamente um espelho e uma janela. Um espelho que nos ajuda a reconhecer quem somos. Uma janela que nos ensina a olhar os outros com mais empatia, mais compaix\u00e3o e mais humanidade. Temos tanto, tanto, tanto para dar e para receber do outro. E talvez seja essa a mais bela miss\u00e3o da educa\u00e7\u00e3o e da literatura: lembrar-nos que ningu\u00e9m cresce e caminha sozinho.<\/li>\n<\/ol>\n\n\n\n<p class=\"wp-block-paragraph\"><strong>e\u2026 4. Explica-nos, por favor, o t\u00edtulo do livro.<\/strong><br>Vamos a isso. O t\u00edtulo surgiu quase antes de todas as hist\u00f3rias. Sempre senti que, dentro de cada adolescente, existe um universo povoado de pequenas vozes. Ali\u00e1s, assim foi a minha adolesc\u00eancia! N\u00e3o s\u00e3o vozes exteriores. S\u00e3o a voz da consci\u00eancia, da esperan\u00e7a, da d\u00favida, da coragem, do medo, da imagina\u00e7\u00e3o, da mem\u00f3ria e dos sonhos.<br><br>Durante a adolesc\u00eancia, essas vozes tornam-se particularmente intensas, porque \u00e9 precisamente nessa etapa que cada pessoa come\u00e7a a construir a sua identidade e a procurar um sentido para a pr\u00f3pria exist\u00eancia.<br>Escolhi chamar Vozeirinhos a este punhado de contos, porque aquilo que verdadeiramente transforma uma vida raramente chega de forma estrondosa. E porque as grandes mudan\u00e7as come\u00e7am, quase sempre, por um sussurro.<br>Uma palavra.<br>Um encontro.<br>Um abra\u00e7o.<br>Uma fam\u00edlia que nos ama.<br>Uma professora que acreditou em n\u00f3s.<br>Um amigo que permaneceu.<br>Um grupo de jovens com quem nos identificamos.<br>Um livro que apareceu no momento certo.<br><br>Na educa\u00e7\u00e3o acontece exatamente o mesmo. Nem sempre s\u00e3o os grandes discursos que deixam marcas profundas. Muitas vezes, \u00e9 um pequeno gesto de escuta, uma pergunta feita com tempo, uma hist\u00f3ria que nos ajuda a compreender aquilo que nunca t\u00ednhamos conseguido nomear.<br>Gostaria muito que o Vozeirinhos fosse precisamente isto que acabo de nomear: um livro que fala baixo, muito baixinho, porque sabe que o essencial n\u00e3o \u00e9 gritar. \u00c9 amar!<br><br>Este \u00e9 um livro que convida cada leitor e cada leitora, adolescente ou n\u00e3o, a fazer sil\u00eancio para escutar a sua pr\u00f3pria voz interior.<br><br>Resumindo: acredito que educar \u00e9, antes de tudo, ajudar cada ser humano a descobrir quem \u00e9, a reconciliar-se consigo pr\u00f3prio e a encontrar, dentro de si, a coragem para florescer neste imenso jardim \u2013 embora \u00e1s vezes seja um deserto\u2026 \u2013 que \u00e9 o mundo! Fui expl\u00edcita? Espero que sim. E que os leitores apreciem. Os que s\u00e3o meus j\u00e1 apreciaram.<\/p>\n\n\n\n<p class=\"wp-block-paragraph\">Obrigada, Frei Jo\u00e3o.<\/p>\n\n\n\n<figure class=\"wp-block-image size-large\"><a href=\"https:\/\/carmelo.pt\/\"><img fetchpriority=\"high\" fetchpriority=\"high\" decoding=\"async\" width=\"983\" height=\"1024\" src=\"https:\/\/espiritualidade.carmelitas.pt\/boletim\/wp-content\/uploads\/2026\/08\/Vozeirinhos_capa-983x1024.jpg\" alt=\"\" class=\"wp-image-4817\" srcset=\"https:\/\/espiritualidade.carmelitas.pt\/boletim\/wp-content\/uploads\/2026\/08\/Vozeirinhos_capa-983x1024.jpg 983w, https:\/\/espiritualidade.carmelitas.pt\/boletim\/wp-content\/uploads\/2026\/08\/Vozeirinhos_capa-288x300.jpg 288w, https:\/\/espiritualidade.carmelitas.pt\/boletim\/wp-content\/uploads\/2026\/08\/Vozeirinhos_capa-768x800.jpg 768w, https:\/\/espiritualidade.carmelitas.pt\/boletim\/wp-content\/uploads\/2026\/08\/Vozeirinhos_capa-1475x1536.jpg 1475w, https:\/\/espiritualidade.carmelitas.pt\/boletim\/wp-content\/uploads\/2026\/08\/Vozeirinhos_capa-1967x2048.jpg 1967w, https:\/\/espiritualidade.carmelitas.pt\/boletim\/wp-content\/uploads\/2026\/08\/Vozeirinhos_capa-1080x1124.jpg 1080w\" sizes=\"(max-width: 983px) 100vw, 983px\" \/><\/a><\/figure>\n","protected":false},"excerpt":{"rendered":"<p>e\u2026 4. Explica-nos, por favor, o t\u00edtulo do livro.Vamos a isso. O t\u00edtulo surgiu quase antes de todas as hist\u00f3rias. Sempre senti que, dentro de cada adolescente, existe um universo [&hellip;]<\/p>\n","protected":false},"author":1,"featured_media":4817,"comment_status":"closed","ping_status":"open","sticky":false,"template":"","format":"standard","meta":{"_et_pb_use_builder":"off","_et_pb_old_content":"","_et_gb_content_width":"","footnotes":""},"categories":[8],"tags":[],"class_list":["post-4830","post","type-post","status-publish","format-standard","has-post-thumbnail","hentry","category-livros","et-has-post-format-content","et_post_format-et-post-format-standard"],"_links":{"self":[{"href":"https:\/\/espiritualidade.carmelitas.pt\/boletim\/wp-json\/wp\/v2\/posts\/4830","targetHints":{"allow":["GET"]}}],"collection":[{"href":"https:\/\/espiritualidade.carmelitas.pt\/boletim\/wp-json\/wp\/v2\/posts"}],"about":[{"href":"https:\/\/espiritualidade.carmelitas.pt\/boletim\/wp-json\/wp\/v2\/types\/post"}],"author":[{"embeddable":true,"href":"https:\/\/espiritualidade.carmelitas.pt\/boletim\/wp-json\/wp\/v2\/users\/1"}],"replies":[{"embeddable":true,"href":"https:\/\/espiritualidade.carmelitas.pt\/boletim\/wp-json\/wp\/v2\/comments?post=4830"}],"version-history":[{"count":1,"href":"https:\/\/espiritualidade.carmelitas.pt\/boletim\/wp-json\/wp\/v2\/posts\/4830\/revisions"}],"predecessor-version":[{"id":4831,"href":"https:\/\/espiritualidade.carmelitas.pt\/boletim\/wp-json\/wp\/v2\/posts\/4830\/revisions\/4831"}],"wp:featuredmedia":[{"embeddable":true,"href":"https:\/\/espiritualidade.carmelitas.pt\/boletim\/wp-json\/wp\/v2\/media\/4817"}],"wp:attachment":[{"href":"https:\/\/espiritualidade.carmelitas.pt\/boletim\/wp-json\/wp\/v2\/media?parent=4830"}],"wp:term":[{"taxonomy":"category","embeddable":true,"href":"https:\/\/espiritualidade.carmelitas.pt\/boletim\/wp-json\/wp\/v2\/categories?post=4830"},{"taxonomy":"post_tag","embeddable":true,"href":"https:\/\/espiritualidade.carmelitas.pt\/boletim\/wp-json\/wp\/v2\/tags?post=4830"}],"curies":[{"name":"wp","href":"https:\/\/api.w.org\/{rel}","templated":true}]}}