{"id":4828,"date":"2026-08-31T02:12:00","date_gmt":"2026-08-31T02:12:00","guid":{"rendered":"https:\/\/espiritualidade.carmelitas.pt\/boletim\/?p=4828"},"modified":"2026-08-28T07:48:06","modified_gmt":"2026-08-28T07:48:06","slug":"deixa-te-olhar","status":"publish","type":"post","link":"https:\/\/espiritualidade.carmelitas.pt\/boletim\/deixa-te-olhar\/","title":{"rendered":"Deixa-te olhar"},"content":{"rendered":"\n<p class=\"has-text-align-right wp-block-paragraph\">Irm\u00e3 Sofia da Cruz, Carmelo de Aveiro<\/p>\n\n\n\n<p class=\"wp-block-paragraph\">Entendo bem as dificuldades que sentes na ora\u00e7\u00e3o e n\u00e3o me parece que tenhas de desanimar por isso, pelo contr\u00e1rio, pelas dificuldades, tens de permanecer firme, fiel e perseverante ao tempo que estabeleceste para a ora\u00e7\u00e3o. S\u00f3 assim poder\u00e1s sentir alegria de ultrapassar as dificuldades e conhecer a for\u00e7a do amor de Deus que nos torna fortes e vitoriosos em Cristo Jesus.<\/p>\n\n\n\n<p class=\"wp-block-paragraph\">As dificuldades fazem parte do caminho de todos n\u00f3s que queremos ser orantes. Elas s\u00e3o apenas uma oportunidade para crescermos interiormente e nos enraizarmos em Cristo. Vou partilhar contigo um momento orante do meu caminho.<\/p>\n\n\n\n<p class=\"wp-block-paragraph\">Habitualmente despertava \u00e0s seis horas para apanhar o autocarro das seis e vinte e cinco que me levava pr\u00f3ximo do local da ora\u00e7\u00e3o, que era das sete \u00e0s oito. Num dos dias fui para a ora\u00e7\u00e3o cheia de ang\u00fastia, parecia que nada fazia sentido, a minha vida era como um amontoado de coisas dispersas entre si, n\u00e3o havia continuidade nem nexo e, na verdade, eu n\u00e3o acabava de me identificar com o que vivia. Sentia-me cansada e abatida. E todo o tempo da ora\u00e7\u00e3o andei \u00e0 volta destes sentimentos que me centravam em mim e me afastavam de Deus. Abri a Sagrada Escritura \u00e0 procura duma Palavra que me desse Vida, mas nada me tirava daquela aridez.<\/p>\n\n\n\n<p class=\"wp-block-paragraph\">Entretanto, o tempo tinha passado e deram sinal para concluir a ora\u00e7\u00e3o. Na esperan\u00e7a de encontrar algum sinal da presen\u00e7a de Deus, voltei a abrir a Sagrada Escritura e deparei-me como o cap\u00edtulo quatro do Evangelho de S. Jo\u00e3o, que falava da Samaritana. Lentamente, como quem procura um tesouro, comecei a ler e parei no vers\u00edculo vinte e nove que diz: \u00abVinde ver um homem que me disse tudo o que eu fiz. N\u00e3o ser\u00e1 Ele o messias?\u00bb Ao parar aqui, senti que algu\u00e9m estava a olhar para mim intensamente, levantei os olhos \u00e0 procura da pessoa que me olhava, mas n\u00e3o encontrei ningu\u00e9m, todos estavam recolhidos a fazer o exame da ora\u00e7\u00e3o. Voltei a fixar a aten\u00e7\u00e3o nas palavras do evangelho, mas de novo aquele olhar intenso estava obre mim e parecia penetrar no meu interior profundamente, levantei os olhos \u00e0 procura da pessoa, mas n\u00e3o a encontrei. De novo me centrei nas palavras da mulher, mas o olhar foi mais intenso e penetrante ent\u00e3o levantei os olhos e olhei em frente, diante de mim tinha uma imagem de Cristo crucificado de tamanho real, ent\u00e3o ca\u00ed na conta que era Ele que me estava a olhar. Era o seu olhar penetrante e profundo que unificava todo o meu ser e me enchia de vida nova.<\/p>\n\n\n\n<p class=\"wp-block-paragraph\">Deus estava a olhar para mim e o seu olhar enchia-me de paz, de luz, de alegria. O Seu olhar transformava a minha vida em amor, de tal maneira que tudo se tinha convertido em gra\u00e7a e dentro de mim ficava a s\u00edntese: o \u00fanico necess\u00e1rio \u00e9 deixar-se olhar por Deus.<\/p>\n\n\n\n<p class=\"wp-block-paragraph\">Este encontro foi t\u00e3o forte e profundo que me impelia a correr para anunciar. De facto, deveria deixar o grupo de ora\u00e7\u00e3o e ir \u00e0 Faculdade de Bio\u00e9tica dar pistas de ora\u00e7\u00e3o. N\u00e3o sei como foi, mas o percorri o caminho at\u00e9 ao autocarro em menos de metade do tempo e parece-me que n\u00e3o pus os p\u00e9s no ch\u00e3o, o amor que levava dentro de mim era de tal maneira que me fazia voar. O amor tinha-se apoderado de todo o meu ser e era imposs\u00edvel que ele n\u00e3o transbordasse por todos os lados.&nbsp;<\/p>\n\n\n\n<p class=\"wp-block-paragraph\">Aos estudantes falei do encontro transformador da mulher samaritana com Jesus, a partir o vers\u00edculo que me tinha tocado a mim: \u00abVinde ver um homem que me disse tudo o que eu fiz. N\u00e3o ser\u00e1 Ele o Messias?\u00bb<\/p>\n\n\n\n<p class=\"wp-block-paragraph\">Do Contexto Narrativo e Social<\/p>\n\n\n\n<p class=\"wp-block-paragraph\">O Encontro no Po\u00e7o: Jesus quebra barreiras culturais, religiosas e de g\u00e9nero ao falar a s\u00f3s com uma mulher samaritana (um grupo historicamente rival dos judeus).<\/p>\n\n\n\n<p class=\"wp-block-paragraph\">A Revela\u00e7\u00e3o Omnisciente: Antes deste vers\u00edculo, Jesus revela conhecer o passado \u00edntimo da mulher (os seus cinco maridos e a sua situa\u00e7\u00e3o atual), sem qualquer julgamento ou condena\u00e7\u00e3o.<\/p>\n\n\n\n<p class=\"wp-block-paragraph\">A Transforma\u00e7\u00e3o Imediata: Impactada por essa revela\u00e7\u00e3o, a mulher deixa a sua c\u00e2ntara de \u00e1gua (s\u00edmbolo das suas preocupa\u00e7\u00f5es terrenas) e corre para a cidade para partilhar a descoberta.<\/p>\n\n\n\n<p class=\"wp-block-paragraph\">\u201cVinde ver um homem que me disse tudo o que eu fiz\u201d<\/p>\n\n\n\n<p class=\"wp-block-paragraph\">O Poder da Omnisci\u00eancia: Para a mulher, o facto de um estranho conhecer toda a sua vida era uma prova clara de uma faculdade divina ou prof\u00e9tica.<\/p>\n\n\n\n<p class=\"wp-block-paragraph\">A Cura da Vergonha: O seu passado, que antes a isolava da sociedade (levando-a a tirar \u00e1gua \u00e0 hora mais quente do dia para evitar as pessoas), torna-se agora o tema central do seu testemunho p\u00fablico.<\/p>\n\n\n\n<p class=\"wp-block-paragraph\">O Evangelho Pr\u00e1tico: Ela n\u00e3o prega uma teologia complexa; ela simplesmente convida os outros a terem a mesma experi\u00eancia pessoal que ela acabou de viver (\u201cVinde ver\u201d).<\/p>\n\n\n\n<p class=\"wp-block-paragraph\">\u201cN\u00e3o ser\u00e1 este o Cristo (o Messias)?\u201d<\/p>\n\n\n\n<p class=\"wp-block-paragraph\">Uma Pergunta Ret\u00f3rica: Na l\u00edngua original (grego), a estrutura da pergunta sugere uma timidez humilde, mas cativante. Ela n\u00e3o se imp\u00f5e como doutora da lei, mas lan\u00e7a uma d\u00favida que desperta a curiosidade de toda a comunidade.<\/p>\n\n\n\n<p class=\"wp-block-paragraph\">A Identidade Revelada: Pouco antes, no vers\u00edculo 26, Jesus tinha afirmado explicitamente: <em>\u201cSou eu, que falo contigo\u201d<\/em>. A mulher processa essa revela\u00e7\u00e3o e partilha-a de forma a que os seus vizinhos queiram investigar por si mesmos.<\/p>\n\n\n\n<p class=\"wp-block-paragraph\">A Expectativa Samaritana: Os samaritanos aguardavam o Messias (chamado por eles de <em>Taheb<\/em>), que viria principalmente como um mestre e restaurador que revelaria todas as coisas. A capacidade de Jesus de \u201cdizer tudo\u201d encaixava perfeitamente nessa expectativa.<\/p>\n\n\n\n<p class=\"wp-block-paragraph\">O Impacto Mission\u00e1rio do Vers\u00edculo<\/p>\n\n\n\n<p class=\"wp-block-paragraph\">A Primeira Evangelista: Ironicamente, uma mulher marginalizada torna-se a primeira mission\u00e1ria a levar a mensagem de Jesus \u00e0 regi\u00e3o da Samaria.<\/p>\n\n\n\n<p class=\"wp-block-paragraph\">Resultado do Testemunho: Mais \u00e0 frente no cap\u00edtulo (Jo\u00e3o 4:39), o texto b\u00edblico afirma que <em>\u201cmuitos dos samaritanos daquela cidade creram nele, por causa da palavra da mulher\u201d<\/em>.<\/p>\n\n\n\n<p class=\"wp-block-paragraph\">Da F\u00e9 Indireta \u00e0 F\u00e9 Pessoal: O convite dela funciona perfeitamente. Os samaritanos v\u00e3o at\u00e9 Jesus, pedem-lhe para ficar com eles e, ap\u00f3s dois dias, concluem: <em>\u201cJ\u00e1 n\u00e3o \u00e9 pelo que disseste que cremos; porque n\u00f3s mesmos o ouvimos, e sabemos que este \u00e9 verdadeiramente o Salvador do mundo\u201d<\/em> (Jo\u00e3o 4:42).<\/p>\n\n\n\n<p class=\"wp-block-paragraph\">O cont\u00e1gio das minhas palavras parecia cativ\u00e1-los e lan\u00e7\u00e1-los para o desejo de tamb\u00e9m eles se deixarem olhar por Jesus para se deixarem amar e transformar em amor. Para mim foi muito consolador ver os seus olhos a brilhar iluminados pela luz que Jesus lan\u00e7ava sobre eles.<\/p>\n\n\n\n<p class=\"wp-block-paragraph\">N\u00e3o posso concluir a resposta \u00e0 tua carta sem te falar da c\u00e9lebre m\u00e1xima de S. Jo\u00e3o da Cruz, que certamente j\u00e1 conheces:&nbsp; <em>\u201cO olhar de Deus \u00e9 amar\u201d.<\/em><\/p>\n\n\n\n<p class=\"wp-block-paragraph\">A liga\u00e7\u00e3o entre o encontro da mulher samaritana em Jo\u00e3o 4 e a afirma\u00e7\u00e3o de S\u00e3o Jo\u00e3o da Cruz \u00e9 profunda, tocando no n\u00facleo da teologia b\u00edblica e da antropologia espiritual. O que a samaritana experimentou de forma hist\u00f3rica e narrativa no po\u00e7o \u00e9 exatamente a realidade teol\u00f3gica que o m\u00edstico carmelita sistematizou s\u00e9culos mais tarde no seu poema C\u00e2ntico Espiritual.<\/p>\n\n\n\n<p class=\"wp-block-paragraph\">Aconselho-te a levares para a ora\u00e7\u00e3o esta partilha orante da rela\u00e7\u00e3o entre a experi\u00eancia da Samaritana e a afirma\u00e7\u00e3o do santo e te coloques, tu mesmo, sob o olhar de Deus.<\/p>\n\n\n\n<p class=\"wp-block-paragraph\">\u201cO Olhar de Deus \u00e9 Amar\u201d<\/p>\n\n\n\n<p class=\"wp-block-paragraph\">No coment\u00e1rio \u00e0 estrofe 32 do <em>C\u00e2ntico Espiritual<\/em>, S\u00e3o Jo\u00e3o da Cruz explica que o olhar humano pode ser apenas informativo ou curioso, mas o olhar de Deus \u00e9 ativo, criativo e transformador.<\/p>\n\n\n\n<p class=\"wp-block-paragraph\">O olhar que concede valor: Para o m\u00edstico, Deus n\u00e3o nos ama porque somos bons ou belos; n\u00f3s tornamo-nos belos e dignos porque Ele nos olha com amor.<\/p>\n\n\n\n<p class=\"wp-block-paragraph\">Olhar \u00e9 fazer merc\u00eas: Na linguagem de S\u00e3o Jo\u00e3o da Cruz, <em>\u201cel mirar de Dios es amar y hacer mercedes\u201d<\/em> (o olhar de Deus \u00e9 amar e conceder gra\u00e7as). Deus, ao olhar para a alma, nela imprime a Sua pr\u00f3pria gra\u00e7a e formosura.<\/p>\n\n\n\n<p class=\"wp-block-paragraph\">A Converg\u00eancia com Jo\u00e3o 4: \u201cDisse-me tudo o que fiz\u201d<\/p>\n\n\n\n<p class=\"wp-block-paragraph\">Quando a mulher samaritana diz que Jesus \u201clhe disse tudo o que ela fez\u201d, ela n\u00e3o est\u00e1 a descrever uma adivinha\u00e7\u00e3o fria ou uma acusa\u00e7\u00e3o. Ela est\u00e1 a descrever a experi\u00eancia de se sentir plenamente vista.<\/p>\n\n\n\n<p class=\"wp-block-paragraph\">Um olhar sem julgamento: Jesus exp\u00f5e a sua verdade (cinco maridos e o atual companheiro) sem qualquer tom de condena\u00e7\u00e3o ou desprezo. Ele olha para a sua ferida existencial e para a sua sede de afeto com total compaix\u00e3o.<\/p>\n\n\n\n<p class=\"wp-block-paragraph\">A revela\u00e7\u00e3o da verdade sob a \u00f3tica do amor: O facto de Ele saber tudo e, mesmo assim, continuar ali, a conversar com ela e a oferecer-lhe \u201c\u00c1gua Viva\u201d, prova que aquele olhar conhecedor era, essencialmente, um olhar amoroso. Ela sentiu-se amada na sua total vulnerabilidade.<\/p>\n\n\n\n<p class=\"wp-block-paragraph\">Paralelos Teol\u00f3gicos e Espirituais entre as Duas Vis\u00f5es<\/p>\n\n\n\n<figure class=\"wp-block-table\"><table class=\"has-fixed-layout\"><tbody><tr><td>Dimens\u00e3o Espiritual<\/td><td>A Mulher Samaritana (Jo\u00e3o 4)<\/td><td>S\u00e3o Jo\u00e3o da Cruz (C\u00e2ntico Espiritual)<\/td><\/tr><tr><td>A Iniciativa<\/td><td>Jesus j\u00e1 estava sentado junto ao po\u00e7o \u00e0 espera dela.<\/td><td>Deus olha primeiro para a alma antes que ela o procure.<\/td><\/tr><tr><td>O Efeito no Passado<\/td><td>O passado de vergonha \u00e9 integrado e transformado em testemunho.<\/td><td>O olhar divino limpa, purifica e cura as quedas da alma.<\/td><\/tr><tr><td>A Transforma\u00e7\u00e3o<\/td><td>Ela deixa a c\u00e2ntara; a sua sede interior \u00e9 saciada.<\/td><td>A alma fica ferida de amor e corre atr\u00e1s do Amado.<\/td><\/tr><\/tbody><\/table><\/figure>\n\n\n\n<p class=\"wp-block-paragraph\">&nbsp;A S\u00edntese: O Conhecimento Divino como Abra\u00e7o Misericordioso<\/p>\n\n\n\n<p class=\"wp-block-paragraph\">A grande intui\u00e7\u00e3o que une Jo\u00e3o 4 a S\u00e3o Jo\u00e3o da Cruz \u00e9 a desmistifica\u00e7\u00e3o de um \u201cDeus vigilante fiscalizador\u201d.<\/p>\n\n\n\n<p class=\"wp-block-paragraph\">Para a samaritana, descobrir que Algu\u00e9m sabia tudo sobre ela poderia ter sido assustador; no entanto, resultou numa liberta\u00e7\u00e3o jubilosa.<\/p>\n\n\n\n<p class=\"wp-block-paragraph\">S\u00e3o Jo\u00e3o da Cruz explica o porqu\u00ea: porque quando Deus nos \u201cexamina\u201d com o Seu olhar, esse exame n\u00e3o \u00e9 um tribunal inquisitorial, mas sim um processo de purifica\u00e7\u00e3o e embelezamento.<\/p>\n\n\n\n<p class=\"wp-block-paragraph\">A omnisci\u00eancia de Jesus no po\u00e7o n\u00e3o \u00e9 um exerc\u00edcio de poder intelectual, mas a manifesta\u00e7\u00e3o vis\u00edvel do olhar eterno do Pai que, ao conhecer a nossa mis\u00e9ria, responde com a superabund\u00e2ncia da Gra\u00e7a.<\/p>\n\n\n\n<p class=\"wp-block-paragraph\">Fico a rezar por ti, para que te deixes olhar por Deus e sintas o abra\u00e7o terno e misericordioso com que Ele te acolhe a cada instante e d\u00e1 sentido a toda a tua vida. N\u00e3o te esque\u00e7as que a ora\u00e7\u00e3o \u00e9 o lugar onde Deus nos olha profundamente para nos encher do Seu amor. Nunca desistas de ora\u00e7\u00e3o!<\/p>\n","protected":false},"excerpt":{"rendered":"<p>Irm\u00e3 Sofia da Cruz, Carmelo de Aveiro Entendo bem as dificuldades que sentes na ora\u00e7\u00e3o e n\u00e3o me parece que tenhas de desanimar por isso, pelo contr\u00e1rio, pelas dificuldades, tens [&hellip;]<\/p>\n","protected":false},"author":1,"featured_media":4813,"comment_status":"closed","ping_status":"open","sticky":false,"template":"","format":"standard","meta":{"_et_pb_use_builder":"off","_et_pb_old_content":"","_et_gb_content_width":"","footnotes":""},"categories":[4],"tags":[],"class_list":["post-4828","post","type-post","status-publish","format-standard","has-post-thumbnail","hentry","category-artigos","et-has-post-format-content","et_post_format-et-post-format-standard"],"_links":{"self":[{"href":"https:\/\/espiritualidade.carmelitas.pt\/boletim\/wp-json\/wp\/v2\/posts\/4828","targetHints":{"allow":["GET"]}}],"collection":[{"href":"https:\/\/espiritualidade.carmelitas.pt\/boletim\/wp-json\/wp\/v2\/posts"}],"about":[{"href":"https:\/\/espiritualidade.carmelitas.pt\/boletim\/wp-json\/wp\/v2\/types\/post"}],"author":[{"embeddable":true,"href":"https:\/\/espiritualidade.carmelitas.pt\/boletim\/wp-json\/wp\/v2\/users\/1"}],"replies":[{"embeddable":true,"href":"https:\/\/espiritualidade.carmelitas.pt\/boletim\/wp-json\/wp\/v2\/comments?post=4828"}],"version-history":[{"count":1,"href":"https:\/\/espiritualidade.carmelitas.pt\/boletim\/wp-json\/wp\/v2\/posts\/4828\/revisions"}],"predecessor-version":[{"id":4829,"href":"https:\/\/espiritualidade.carmelitas.pt\/boletim\/wp-json\/wp\/v2\/posts\/4828\/revisions\/4829"}],"wp:featuredmedia":[{"embeddable":true,"href":"https:\/\/espiritualidade.carmelitas.pt\/boletim\/wp-json\/wp\/v2\/media\/4813"}],"wp:attachment":[{"href":"https:\/\/espiritualidade.carmelitas.pt\/boletim\/wp-json\/wp\/v2\/media?parent=4828"}],"wp:term":[{"taxonomy":"category","embeddable":true,"href":"https:\/\/espiritualidade.carmelitas.pt\/boletim\/wp-json\/wp\/v2\/categories?post=4828"},{"taxonomy":"post_tag","embeddable":true,"href":"https:\/\/espiritualidade.carmelitas.pt\/boletim\/wp-json\/wp\/v2\/tags?post=4828"}],"curies":[{"name":"wp","href":"https:\/\/api.w.org\/{rel}","templated":true}]}}