{"id":4824,"date":"2026-08-31T02:08:00","date_gmt":"2026-08-31T02:08:00","guid":{"rendered":"https:\/\/espiritualidade.carmelitas.pt\/boletim\/?p=4824"},"modified":"2026-08-28T07:45:32","modified_gmt":"2026-08-28T07:45:32","slug":"xiv-congresso-de-espiritualidade-2","status":"publish","type":"post","link":"https:\/\/espiritualidade.carmelitas.pt\/boletim\/xiv-congresso-de-espiritualidade-2\/","title":{"rendered":"XIV Congresso de Espiritualidade"},"content":{"rendered":"\n<p class=\"wp-block-paragraph\">F\u00e1tima, 16 a 18 de outubro de 2026<\/p>\n\n\n\n<p class=\"wp-block-paragraph\">A Domus Carmeli, em F\u00e1tima, acolhe, de 16 a 18 de outubro, o <a href=\"https:\/\/domuscarmeli.net\/wp\/2026\/04\/xiv-congresso-de-espiritualidade\/\">XIV Congresso de Espiritualidade<\/a>, promovido pelos institutos religiosos de inspira\u00e7\u00e3o carmelita e teresiana. \u00abO mal, o sofrimento e a esperan\u00e7a\u00bb \u00e9 o tema desta edi\u00e7\u00e3o, que prop\u00f5e uma reflex\u00e3o sobre uma das quest\u00f5es mais dif\u00edceis da experi\u00eancia humana, \u00e0 luz da f\u00e9 crist\u00e3. O programa inclui confer\u00eancias, momentos de ora\u00e7\u00e3o, celebra\u00e7\u00f5es e um painel sobre a santidade. Entre os temas a abordar est\u00e3o a origem do mal, o sofrimento na B\u00edblia, Jesus Cristo e o sofrimento vencido pelo amor, a compaix\u00e3o das comunidades crist\u00e3s e a \u00abnoite escura\u00bb em s\u00e3o Jo\u00e3o da Cruz.<\/p>\n","protected":false},"excerpt":{"rendered":"<p>F\u00e1tima, 16 a 18 de outubro de 2026 A Domus Carmeli, em F\u00e1tima, acolhe, de 16 a 18 de outubro, o XIV Congresso de Espiritualidade, promovido pelos institutos religiosos de [&hellip;]<\/p>\n","protected":false},"author":1,"featured_media":4811,"comment_status":"closed","ping_status":"open","sticky":false,"template":"","format":"standard","meta":{"_et_pb_use_builder":"off","_et_pb_old_content":"","_et_gb_content_width":"","footnotes":""},"categories":[12],"tags":[],"class_list":["post-4824","post","type-post","status-publish","format-standard","has-post-thumbnail","hentry","category-congressos","et-has-post-format-content","et_post_format-et-post-format-standard"],"_links":{"self":[{"href":"https:\/\/espiritualidade.carmelitas.pt\/boletim\/wp-json\/wp\/v2\/posts\/4824","targetHints":{"allow":["GET"]}}],"collection":[{"href":"https:\/\/espiritualidade.carmelitas.pt\/boletim\/wp-json\/wp\/v2\/posts"}],"about":[{"href":"https:\/\/espiritualidade.carmelitas.pt\/boletim\/wp-json\/wp\/v2\/types\/post"}],"author":[{"embeddable":true,"href":"https:\/\/espiritualidade.carmelitas.pt\/boletim\/wp-json\/wp\/v2\/users\/1"}],"replies":[{"embeddable":true,"href":"https:\/\/espiritualidade.carmelitas.pt\/boletim\/wp-json\/wp\/v2\/comments?post=4824"}],"version-history":[{"count":1,"href":"https:\/\/espiritualidade.carmelitas.pt\/boletim\/wp-json\/wp\/v2\/posts\/4824\/revisions"}],"predecessor-version":[{"id":4825,"href":"https:\/\/espiritualidade.carmelitas.pt\/boletim\/wp-json\/wp\/v2\/posts\/4824\/revisions\/4825"}],"wp:featuredmedia":[{"embeddable":true,"href":"https:\/\/espiritualidade.carmelitas.pt\/boletim\/wp-json\/wp\/v2\/media\/4811"}],"wp:attachment":[{"href":"https:\/\/espiritualidade.carmelitas.pt\/boletim\/wp-json\/wp\/v2\/media?parent=4824"}],"wp:term":[{"taxonomy":"category","embeddable":true,"href":"https:\/\/espiritualidade.carmelitas.pt\/boletim\/wp-json\/wp\/v2\/categories?post=4824"},{"taxonomy":"post_tag","embeddable":true,"href":"https:\/\/espiritualidade.carmelitas.pt\/boletim\/wp-json\/wp\/v2\/tags?post=4824"}],"curies":[{"name":"wp","href":"https:\/\/api.w.org\/{rel}","templated":true}]}}