{"id":4822,"date":"2026-08-31T02:05:00","date_gmt":"2026-08-31T02:05:00","guid":{"rendered":"https:\/\/espiritualidade.carmelitas.pt\/boletim\/?p=4822"},"modified":"2026-08-28T07:43:48","modified_gmt":"2026-08-28T07:43:48","slug":"congresso-internacional-de-santuarios-marianos","status":"publish","type":"post","link":"https:\/\/espiritualidade.carmelitas.pt\/boletim\/congresso-internacional-de-santuarios-marianos\/","title":{"rendered":"Congresso Internacional de Santu\u00e1rios Marianos"},"content":{"rendered":"\n<p class=\"wp-block-paragraph\">F\u00e1tima e Nazar\u00e9, 12 a 14 de novembro de 2026<\/p>\n\n\n\n<p class=\"wp-block-paragraph\">F\u00e1tima e Nazar\u00e9 acolhem, de 12 a 14 de novembro, o <a href=\"https:\/\/www.fatima.pt\/pt\/pages\/congresso-internacional-de-santuarios-marianos\">Congresso Internacional de Santu\u00e1rios Marianos<\/a>, promovido pelos dois santu\u00e1rios portugueses. O encontro reunir\u00e1 representantes de importantes santu\u00e1rios marianos internacionais, como Guadalupe, Aparecida e Lourdes, para refletir sobre a identidade, a miss\u00e3o e os desafios destes lugares de peregrina\u00e7\u00e3o no s\u00e9culo XXI. O programa inclui confer\u00eancias, partilha de experi\u00eancias pastorais, celebra\u00e7\u00f5es lit\u00fargicas e visitas. O Congresso pretende ainda aprofundar o conhecimento hist\u00f3rico e teol\u00f3gico do culto mariano e promover a partilha entre os santu\u00e1rios portugueses e internacionais. <\/p>\n","protected":false},"excerpt":{"rendered":"<p>F\u00e1tima e Nazar\u00e9, 12 a 14 de novembro de 2026 F\u00e1tima e Nazar\u00e9 acolhem, de 12 a 14 de novembro, o Congresso Internacional de Santu\u00e1rios Marianos, promovido pelos dois santu\u00e1rios [&hellip;]<\/p>\n","protected":false},"author":1,"featured_media":4810,"comment_status":"closed","ping_status":"open","sticky":false,"template":"","format":"standard","meta":{"_et_pb_use_builder":"off","_et_pb_old_content":"","_et_gb_content_width":"","footnotes":""},"categories":[12],"tags":[],"class_list":["post-4822","post","type-post","status-publish","format-standard","has-post-thumbnail","hentry","category-congressos","et-has-post-format-content","et_post_format-et-post-format-standard"],"_links":{"self":[{"href":"https:\/\/espiritualidade.carmelitas.pt\/boletim\/wp-json\/wp\/v2\/posts\/4822","targetHints":{"allow":["GET"]}}],"collection":[{"href":"https:\/\/espiritualidade.carmelitas.pt\/boletim\/wp-json\/wp\/v2\/posts"}],"about":[{"href":"https:\/\/espiritualidade.carmelitas.pt\/boletim\/wp-json\/wp\/v2\/types\/post"}],"author":[{"embeddable":true,"href":"https:\/\/espiritualidade.carmelitas.pt\/boletim\/wp-json\/wp\/v2\/users\/1"}],"replies":[{"embeddable":true,"href":"https:\/\/espiritualidade.carmelitas.pt\/boletim\/wp-json\/wp\/v2\/comments?post=4822"}],"version-history":[{"count":1,"href":"https:\/\/espiritualidade.carmelitas.pt\/boletim\/wp-json\/wp\/v2\/posts\/4822\/revisions"}],"predecessor-version":[{"id":4823,"href":"https:\/\/espiritualidade.carmelitas.pt\/boletim\/wp-json\/wp\/v2\/posts\/4822\/revisions\/4823"}],"wp:featuredmedia":[{"embeddable":true,"href":"https:\/\/espiritualidade.carmelitas.pt\/boletim\/wp-json\/wp\/v2\/media\/4810"}],"wp:attachment":[{"href":"https:\/\/espiritualidade.carmelitas.pt\/boletim\/wp-json\/wp\/v2\/media?parent=4822"}],"wp:term":[{"taxonomy":"category","embeddable":true,"href":"https:\/\/espiritualidade.carmelitas.pt\/boletim\/wp-json\/wp\/v2\/categories?post=4822"},{"taxonomy":"post_tag","embeddable":true,"href":"https:\/\/espiritualidade.carmelitas.pt\/boletim\/wp-json\/wp\/v2\/tags?post=4822"}],"curies":[{"name":"wp","href":"https:\/\/api.w.org\/{rel}","templated":true}]}}