{"id":4820,"date":"2026-08-31T02:03:00","date_gmt":"2026-08-31T02:03:00","guid":{"rendered":"https:\/\/espiritualidade.carmelitas.pt\/boletim\/?p=4820"},"modified":"2026-08-28T07:42:46","modified_gmt":"2026-08-28T07:42:46","slug":"rumos-discernimento-vocacional-para-jovens","status":"publish","type":"post","link":"https:\/\/espiritualidade.carmelitas.pt\/boletim\/rumos-discernimento-vocacional-para-jovens\/","title":{"rendered":"\u00abRumos\u00bb: discernimento vocacional para jovens"},"content":{"rendered":"\n<p class=\"wp-block-paragraph\">F\u00e1tima, 4 a 6 de setembro de 2026<\/p>\n\n\n\n<p class=\"wp-block-paragraph\">Os Carmelitas Descal\u00e7os promovem, em F\u00e1tima, de 4 a 6 de setembro, mais um encontro \u00abRumos\u00bb, destinado a jovens que procuram refletir sobre o futuro, as suas escolhas e o caminho a que Deus os chama. Ao longo do fim de semana, os participantes ter\u00e3o momentos de reflex\u00e3o, partilha e acompanhamento por casais, sacerdotes e irm\u00e3s carmelitas, com pistas concretas para o discernimento vocacional. O percurso contempla quatro encontros, embora seja poss\u00edvel participar nas datas dispon\u00edveis sem perder a continuidade do itiner\u00e1rio. Cada jovem poder\u00e1 ainda contar com acompanhamento pessoal ao longo do processo. <\/p>\n","protected":false},"excerpt":{"rendered":"<p>F\u00e1tima, 4 a 6 de setembro de 2026 Os Carmelitas Descal\u00e7os promovem, em F\u00e1tima, de 4 a 6 de setembro, mais um encontro \u00abRumos\u00bb, destinado a jovens que procuram refletir [&hellip;]<\/p>\n","protected":false},"author":1,"featured_media":4809,"comment_status":"closed","ping_status":"open","sticky":false,"template":"","format":"standard","meta":{"_et_pb_use_builder":"off","_et_pb_old_content":"","_et_gb_content_width":"","footnotes":""},"categories":[17],"tags":[],"class_list":["post-4820","post","type-post","status-publish","format-standard","has-post-thumbnail","hentry","category-jovens","et-has-post-format-content","et_post_format-et-post-format-standard"],"_links":{"self":[{"href":"https:\/\/espiritualidade.carmelitas.pt\/boletim\/wp-json\/wp\/v2\/posts\/4820","targetHints":{"allow":["GET"]}}],"collection":[{"href":"https:\/\/espiritualidade.carmelitas.pt\/boletim\/wp-json\/wp\/v2\/posts"}],"about":[{"href":"https:\/\/espiritualidade.carmelitas.pt\/boletim\/wp-json\/wp\/v2\/types\/post"}],"author":[{"embeddable":true,"href":"https:\/\/espiritualidade.carmelitas.pt\/boletim\/wp-json\/wp\/v2\/users\/1"}],"replies":[{"embeddable":true,"href":"https:\/\/espiritualidade.carmelitas.pt\/boletim\/wp-json\/wp\/v2\/comments?post=4820"}],"version-history":[{"count":1,"href":"https:\/\/espiritualidade.carmelitas.pt\/boletim\/wp-json\/wp\/v2\/posts\/4820\/revisions"}],"predecessor-version":[{"id":4821,"href":"https:\/\/espiritualidade.carmelitas.pt\/boletim\/wp-json\/wp\/v2\/posts\/4820\/revisions\/4821"}],"wp:featuredmedia":[{"embeddable":true,"href":"https:\/\/espiritualidade.carmelitas.pt\/boletim\/wp-json\/wp\/v2\/media\/4809"}],"wp:attachment":[{"href":"https:\/\/espiritualidade.carmelitas.pt\/boletim\/wp-json\/wp\/v2\/media?parent=4820"}],"wp:term":[{"taxonomy":"category","embeddable":true,"href":"https:\/\/espiritualidade.carmelitas.pt\/boletim\/wp-json\/wp\/v2\/categories?post=4820"},{"taxonomy":"post_tag","embeddable":true,"href":"https:\/\/espiritualidade.carmelitas.pt\/boletim\/wp-json\/wp\/v2\/tags?post=4820"}],"curies":[{"name":"wp","href":"https:\/\/api.w.org\/{rel}","templated":true}]}}