{"id":4682,"date":"2026-04-30T02:36:00","date_gmt":"2026-04-30T02:36:00","guid":{"rendered":"https:\/\/espiritualidade.carmelitas.pt\/boletim\/?p=4682"},"modified":"2026-04-27T09:38:25","modified_gmt":"2026-04-27T09:38:25","slug":"curso-de-acompanhamento","status":"publish","type":"post","link":"https:\/\/espiritualidade.carmelitas.pt\/boletim\/curso-de-acompanhamento\/","title":{"rendered":"Curso de Acompanhamento"},"content":{"rendered":"\n<p><br>In\u00edcio a 13 de novembro de 2026<\/p>\n\n\n\n<p>A Igreja Cat\u00f3lica, fiel ao seu compromisso de ser uma \u201ccomunidade de acompanhamento\u201d, acolhe em F\u00e1tima uma nova proposta formativa de relevo. Os Carmelitas Descal\u00e7os apresentam o <a href=\"https:\/\/domuscarmeli.net\/wp\/2026\/04\/curso-de-acompanhamento\/\">Curso <em>Acompanhamento<\/em> <\/a>para o ano pastoral 2026-2027, uma iniciativa a realizar-se na casa Domus Carmeli, que visa sensibilizar e capacitar os crist\u00e3os para a miss\u00e3o de caminhar com o outro na escuta, no discernimento e na proximidade.<\/p>\n\n\n\n<p>Assente na convic\u00e7\u00e3o de que Deus \u00e9 o primeiro acompanhante da humanidade, que em Jesus Cristo e no Esp\u00edrito Santo se faz pr\u00f3ximo de cada pessoa, o curso prop\u00f5e-se qualificar o servi\u00e7o de homens e mulheres dispon\u00edveis para acompanhar vidas com humildade, maturidade humana e generosidade.<\/p>\n\n\n\n<p>Com uma abordagem multidisciplinar que integra as dimens\u00f5es teol\u00f3gico-espiritual, psicol\u00f3gica, pedag\u00f3gica e pastoral, a forma\u00e7\u00e3o dirige-se a diretores espirituais, formadores de semin\u00e1rios, pais, catequistas, professores e animadores de grupos eclesiais. O programa organiza-se em cinco m\u00f3dulos presenciais, entre novembro de 2026 e maio de 2027, inspirando-se no \u00edcone b\u00edblico dos disc\u00edpulos de Ema\u00fas como imagem do caminho feito a dois.<\/p>\n\n\n\n<p>A primeira fase, composta pelos tr\u00eas m\u00f3dulos iniciais, aprofunda os fundamentos b\u00edblicos e antropol\u00f3gicos do acompanhamento, a sua rela\u00e7\u00e3o com o Magist\u00e9rio da Igreja e o di\u00e1logo com a psicologia, sublinhando tamb\u00e9m a import\u00e2ncia do discernimento sobre o encaminhamento para t\u00e9cnicos especializados. Ser\u00e1 ainda dado destaque ao contributo de grandes mestres da espiritualidade, como Santa Teresa de Jesus, S\u00e3o Jo\u00e3o da Cruz e Santa Teresinha do Menino Jesus.<\/p>\n\n\n\n<p>Na segunda fase, a forma\u00e7\u00e3o centra-se em dimens\u00f5es pr\u00e1ticas, acompanhando as etapas da vida humana: da inf\u00e2ncia ao discernimento vocacional na juventude, at\u00e9 ao acompanhamento no envelhecimento. O curso encerra com uma reflex\u00e3o sobre os diversos estados de vida, abrangendo casais, leigos celibat\u00e1rios, sacerdotes e consagrados, refor\u00e7ando a ideia de que ningu\u00e9m deve caminhar sozinho.<\/p>\n\n\n\n<p>Entre aulas, din\u00e2micas de grupo e momentos de ora\u00e7\u00e3o no Carmelo de S\u00e3o Jos\u00e9, os participantes ser\u00e3o preparados para serem servidores da esperan\u00e7a, contribuindo para uma Igreja mais fraterna e verdadeiramente sinodal.<\/p>\n","protected":false},"excerpt":{"rendered":"<p>In\u00edcio a 13 de novembro de 2026 A Igreja Cat\u00f3lica, fiel ao seu compromisso de ser uma \u201ccomunidade de acompanhamento\u201d, acolhe em F\u00e1tima uma nova proposta formativa de relevo. Os [&hellip;]<\/p>\n","protected":false},"author":1,"featured_media":4683,"comment_status":"closed","ping_status":"open","sticky":false,"template":"","format":"standard","meta":{"_et_pb_use_builder":"off","_et_pb_old_content":"","_et_gb_content_width":"","footnotes":""},"categories":[1],"tags":[],"class_list":["post-4682","post","type-post","status-publish","format-standard","has-post-thumbnail","hentry","category-cursos","et-has-post-format-content","et_post_format-et-post-format-standard"],"_links":{"self":[{"href":"https:\/\/espiritualidade.carmelitas.pt\/boletim\/wp-json\/wp\/v2\/posts\/4682","targetHints":{"allow":["GET"]}}],"collection":[{"href":"https:\/\/espiritualidade.carmelitas.pt\/boletim\/wp-json\/wp\/v2\/posts"}],"about":[{"href":"https:\/\/espiritualidade.carmelitas.pt\/boletim\/wp-json\/wp\/v2\/types\/post"}],"author":[{"embeddable":true,"href":"https:\/\/espiritualidade.carmelitas.pt\/boletim\/wp-json\/wp\/v2\/users\/1"}],"replies":[{"embeddable":true,"href":"https:\/\/espiritualidade.carmelitas.pt\/boletim\/wp-json\/wp\/v2\/comments?post=4682"}],"version-history":[{"count":2,"href":"https:\/\/espiritualidade.carmelitas.pt\/boletim\/wp-json\/wp\/v2\/posts\/4682\/revisions"}],"predecessor-version":[{"id":4685,"href":"https:\/\/espiritualidade.carmelitas.pt\/boletim\/wp-json\/wp\/v2\/posts\/4682\/revisions\/4685"}],"wp:featuredmedia":[{"embeddable":true,"href":"https:\/\/espiritualidade.carmelitas.pt\/boletim\/wp-json\/wp\/v2\/media\/4683"}],"wp:attachment":[{"href":"https:\/\/espiritualidade.carmelitas.pt\/boletim\/wp-json\/wp\/v2\/media?parent=4682"}],"wp:term":[{"taxonomy":"category","embeddable":true,"href":"https:\/\/espiritualidade.carmelitas.pt\/boletim\/wp-json\/wp\/v2\/categories?post=4682"},{"taxonomy":"post_tag","embeddable":true,"href":"https:\/\/espiritualidade.carmelitas.pt\/boletim\/wp-json\/wp\/v2\/tags?post=4682"}],"curies":[{"name":"wp","href":"https:\/\/api.w.org\/{rel}","templated":true}]}}