{"id":4672,"date":"2026-04-30T02:31:00","date_gmt":"2026-04-30T02:31:00","guid":{"rendered":"https:\/\/espiritualidade.carmelitas.pt\/boletim\/?p=4672"},"modified":"2026-04-27T09:33:09","modified_gmt":"2026-04-27T09:33:09","slug":"tres-perguntas-e-mais-uma-sobre-o-livro-ditos-de-luz-e-amor","status":"publish","type":"post","link":"https:\/\/espiritualidade.carmelitas.pt\/boletim\/tres-perguntas-e-mais-uma-sobre-o-livro-ditos-de-luz-e-amor\/","title":{"rendered":"Tr\u00eas perguntas e\u2026 mais uma: sobre o livro \u201cDitos de Luz e Amor\u201d"},"content":{"rendered":"\n<p><strong>1.\u00a0\u00a0\u00a0\u00a0\u00a0\u00a0\u00a0\u00a0\u00a0\u00a0 Porque se publica em 2026 este livrinho intitulado <em>Ditos de Luz e Amor?<\/em><\/strong><\/p>\n\n\n\n<p>Como todos os carmelitas sabem, 2026 \u00e9 um ano jubilar pela comemora\u00e7\u00e3o dos 300 anos da canoniza\u00e7\u00e3o de S\u00e3o Jo\u00e3o da Cruz (27\/12\/1726) e dos 100 anos da sua proclama\u00e7\u00e3o como Doutor da Igreja (24\/08\/1926). Este santo e doutor da Igreja, \u201ccarmelita de sand\u00e1lias e escasso de figura\u201d, n\u00e3o \u00e9 muito conhecido em Portugal. Muitos s\u00e3o os que j\u00e1 ouviram o seu nome, mas nunca leram a sua poesia, os seus escritos\u2026 No meu desejo de o tornar mais conhecido e amado \u2013 pois tamb\u00e9m \u00e9 verdade que tem aumentado o n\u00famero daqueles que o procuram conhecer mais e melhor \u2013 sugeri ao Diretor das Edi\u00e7\u00f5es Carmelo, Padre Pedro Ferreira, a publica\u00e7\u00e3o em separata dos <em>Ditos de Luz e Amor<\/em>, uma vez que j\u00e1 foram publicados h\u00e1 muito tempo nas Obras Completas de S\u00e3o Jo\u00e3o da Cruz. O entendimento foi imediato e, em poucos dias, este pequeno tesouro de espiritualidade estava nas nossas m\u00e3os. \u00c9 um livro maneirinho, que se pode levar facilmente no bolso e na bolsa, de pre\u00e7o a cheirar a oferta, e de grande ajuda para a ora\u00e7\u00e3o e medita\u00e7\u00e3o em casa ou em viagem. O livrinho, al\u00e9m dos <em>Ditos de Luz e Amor<\/em>, cont\u00e9m ainda, do mesmo autor, as <em>Cautelas<\/em>, Graus de <em>Perfei\u00e7\u00e3o<\/em> e <em>Quatro Avisos a um religioso para alcan\u00e7ar a perfei\u00e7\u00e3o<\/em>.&nbsp; Fazem parte dos chamados <em>escritos breves<\/em> que, segundo Federico Ruiz, \u00abrepresentam a melhor introdu\u00e7\u00e3o aos v\u00e1rios aspetos da personalidade e da obra escrita de S. Jo\u00e3o da Cruz: poeta, m\u00edstico, asceta e pedagogo\u00bb.<\/p>\n\n\n\n<p><strong>2.&nbsp;&nbsp;&nbsp;&nbsp;&nbsp;&nbsp;&nbsp;&nbsp;&nbsp;&nbsp; Como escreveu S\u00e3o Jo\u00e3o da Cruz este livro?<\/strong><\/p>\n\n\n\n<p>Dos encontros com o nosso saudoso Frei Eduardo Gil de Muro, lembro-me de ele nos falar do <em>magist\u00e9rio oral e escrito de Jo\u00e3o da Cruz<\/em>. Frei Jo\u00e3o da Cruz pegava num pequeno l\u00e1pis e no papel que lhe tinha sobrado de algum assunto anterior, numa estampa ou num cart\u00e3o, escrevia algumas palavras. E, assim que as escrevia, entregava-as como presente a qualquer uma das suas almas mais queridas: as das suas carmelitas, as dos seus novi\u00e7os, as dos seus estudantes em Alcal\u00e1 ou em Baeza, as das suas freiras em Granada, \u00c1vila ou Seg\u00f3via. E certa vez recolheu estas rel\u00edquias da sua alma e anotou-as num livrinho a que chamou \u00abditos de luz e amor\u00bb.<\/p>\n\n\n\n<p><strong>3.&nbsp;&nbsp;&nbsp;&nbsp;&nbsp;&nbsp;&nbsp;&nbsp;&nbsp;&nbsp; Qual a raz\u00e3o do t\u00edtulo deste livrinho?<\/strong><\/p>\n\n\n\n<p>O testemunho do P. Alonso, que transcrevo, completa a resposta \u00e0 pergunta anterior e responde a esta: \u00abQuando regressava deste mosteiro de Beas ao seu, no Calv\u00e1rio, deixava a cada religiosa uma m\u00e1xima sobre a virtude que, segundo sabia, lhes seria mais \u00fatil; ao l\u00ea-las com fervor, elas sentiam-se inspiradas, e apreciavam-nas tanto que, mesmo anos depois, vi que as conservavam em cadernos. Estas religiosas diziam-lhe, quando regressava ao seu convento, o quanto precisavam dele para lhes ensinar! Ele respondia-lhes: <em>enquanto eu n\u00e3o voltar, fa\u00e7am o que faz a ovelhinha: ruminem o que lhes ensinei durante o tempo que aqui estive<\/em>. E assim o faziam, meditando sobre o que lhe tinham ouvido e lendo as suas senten\u00e7as nos seus pap\u00e9is. E quando regressava, ele avaliava o seu aproveitamento, ponderando sobre os descuidos que nelas encontrava e colocando no seu devido lugar o seu sol\u00edcito cuidado\u00bb. Um diretor espiritual em pleno trabalho de acompanhamento!<\/p>\n\n\n\n<p><strong>E\u2026 4.&nbsp;&nbsp; Qual \u00e9 o Dito que tu, Padre Leal, mais aprecias?<\/strong><\/p>\n\n\n\n<p>Eu aprecio-os a todos, mas, confesso, o n.\u00ba 131 \u00e9 de uma atualidade e utilidade estrondosa: <em>A maior necessidade que temos para progredir na uni\u00e3o com Deus \u00e9 silenciar os apetites e a l\u00edngua, pois a linguagem que Ele mais ouve \u00e9 s\u00f3 a do calado amor<\/em>. Esta recomenda\u00e7\u00e3o de silenciar a l\u00edngua \u00e9 repetida: <em>Refreie muito a l\u00edngua e o pensamento<\/em>\u2026 (n\u00ba 165); <em>\u00e9 melhor vencer-se na l\u00edngua do que jejuar a p\u00e3o e \u00e1gua <\/em>(n\u00ba 181) \u2026 Jo\u00e3o da Cruz vivia com a alma recolhida em Deus e, por isso, os seus conselhos v\u00e3o no sentido do \u00abcalar e agir que recolhe e fortalece o esp\u00edrito\u00bb (Carta 8). Calar n\u00e3o \u00e9 s\u00f3 estar com a boca fechada, mas \u00e9 tamb\u00e9m acalmar, apaziguar os pensamentos, as opini\u00f5es, os ju\u00edzos, as expectativas. Calar \u00e9 criar um espa\u00e7o interior onde possa ecoar algo que n\u00e3o vem de mim. No sil\u00eancio encontramo-nos connosco mesmos quando deixamos de representar, construir uma imagem ou fingir com palavras e atividades. \u00c9 pelo sil\u00eancio que vamos entrando na casa de Deus, no cora\u00e7\u00e3o sossegado, onde o calado amor, de mansinho, nos une a Deus. O Papa Le\u00e3o IV, na Quaresma, fez dois apelos: um, <em>\u00e0 abstin\u00eancia de palavras que atingem e ferem o nosso pr\u00f3ximo<\/em> (mensagem); outro, ao sil\u00eancio: <em>vamos dar espa\u00e7o ao sil\u00eancio, silenciemos um pouco as televis\u00f5es, os r\u00e1dios, os smartphones<\/em> (22\/2\/2026). O sil\u00eancio favorece o estado de contempla\u00e7\u00e3o, prop\u00edcio para a escuta de quem tanto nos amou. Jo\u00e3o da Cruz expressa-o bem no Dito de Luz e Amor, 99:&nbsp; <em>Uma palavra falou o Pai, que foi o seu Filho, e esta fala sempre em eterno sil\u00eancio, e em sil\u00eancio deve ser ouvida pela alma<\/em>. Recomenda\u00e7\u00e3o: <em>n\u00e3o dar \u00e0 l\u00edngua!<\/em><\/p>\n","protected":false},"excerpt":{"rendered":"<p>1.\u00a0\u00a0\u00a0\u00a0\u00a0\u00a0\u00a0\u00a0\u00a0\u00a0 Porque se publica em 2026 este livrinho intitulado Ditos de Luz e Amor? Como todos os carmelitas sabem, 2026 \u00e9 um ano jubilar pela comemora\u00e7\u00e3o dos 300 anos da [&hellip;]<\/p>\n","protected":false},"author":1,"featured_media":4673,"comment_status":"closed","ping_status":"open","sticky":false,"template":"","format":"standard","meta":{"_et_pb_use_builder":"off","_et_pb_old_content":"","_et_gb_content_width":"","footnotes":""},"categories":[8],"tags":[],"class_list":["post-4672","post","type-post","status-publish","format-standard","has-post-thumbnail","hentry","category-livros","et-has-post-format-content","et_post_format-et-post-format-standard"],"_links":{"self":[{"href":"https:\/\/espiritualidade.carmelitas.pt\/boletim\/wp-json\/wp\/v2\/posts\/4672","targetHints":{"allow":["GET"]}}],"collection":[{"href":"https:\/\/espiritualidade.carmelitas.pt\/boletim\/wp-json\/wp\/v2\/posts"}],"about":[{"href":"https:\/\/espiritualidade.carmelitas.pt\/boletim\/wp-json\/wp\/v2\/types\/post"}],"author":[{"embeddable":true,"href":"https:\/\/espiritualidade.carmelitas.pt\/boletim\/wp-json\/wp\/v2\/users\/1"}],"replies":[{"embeddable":true,"href":"https:\/\/espiritualidade.carmelitas.pt\/boletim\/wp-json\/wp\/v2\/comments?post=4672"}],"version-history":[{"count":2,"href":"https:\/\/espiritualidade.carmelitas.pt\/boletim\/wp-json\/wp\/v2\/posts\/4672\/revisions"}],"predecessor-version":[{"id":4675,"href":"https:\/\/espiritualidade.carmelitas.pt\/boletim\/wp-json\/wp\/v2\/posts\/4672\/revisions\/4675"}],"wp:featuredmedia":[{"embeddable":true,"href":"https:\/\/espiritualidade.carmelitas.pt\/boletim\/wp-json\/wp\/v2\/media\/4673"}],"wp:attachment":[{"href":"https:\/\/espiritualidade.carmelitas.pt\/boletim\/wp-json\/wp\/v2\/media?parent=4672"}],"wp:term":[{"taxonomy":"category","embeddable":true,"href":"https:\/\/espiritualidade.carmelitas.pt\/boletim\/wp-json\/wp\/v2\/categories?post=4672"},{"taxonomy":"post_tag","embeddable":true,"href":"https:\/\/espiritualidade.carmelitas.pt\/boletim\/wp-json\/wp\/v2\/tags?post=4672"}],"curies":[{"name":"wp","href":"https:\/\/api.w.org\/{rel}","templated":true}]}}