{"id":4669,"date":"2026-04-30T02:28:00","date_gmt":"2026-04-30T02:28:00","guid":{"rendered":"https:\/\/espiritualidade.carmelitas.pt\/boletim\/?p=4669"},"modified":"2026-04-27T09:30:50","modified_gmt":"2026-04-27T09:30:50","slug":"atividades-sanjoaninas-para-os-dois-centenarios","status":"publish","type":"post","link":"https:\/\/espiritualidade.carmelitas.pt\/boletim\/atividades-sanjoaninas-para-os-dois-centenarios\/","title":{"rendered":"Atividades Sanjoaninas para os dois centen\u00e1rios"},"content":{"rendered":"\n<p>O site <a href=\"https:\/\/www.mistica.es\/actividades-dedicadas-a-san-juan-de-la-cruz\/\">Mistica.es <\/a>divulga um amplo conjunto de atividades dedicadas a S\u00e3o Jo\u00e3o da Cruz no contexto dos dois centen\u00e1rios que se celebram em 2026: o 300.\u00ba anivers\u00e1rio da sua canoniza\u00e7\u00e3o e o 100.\u00ba da proclama\u00e7\u00e3o como Doutor da Igreja. O programa inclui confer\u00eancias, ciclos formativos, concertos, encontros espirituais e peregrina\u00e7\u00f5es em v\u00e1rias cidades sanjoaninas. Estas iniciativas procuram aprofundar o legado m\u00edstico e po\u00e9tico do santo carmelita, promovendo a sua atualidade espiritual e cultural. Neste \u00e2mbito, tamb\u00e9m os sites <a href=\"https:\/\/www.carmelitas.pt\">carmelitas.pt<\/a> e domuscarmeli.net apresentam propostas e iniciativas complementares, refor\u00e7ando uma din\u00e2mica celebrativa mais ampla e participada em torno da figura de S\u00e3o Jo\u00e3o da Cruz. \uf320<\/p>\n","protected":false},"excerpt":{"rendered":"<p>O site Mistica.es divulga um amplo conjunto de atividades dedicadas a S\u00e3o Jo\u00e3o da Cruz no contexto dos dois centen\u00e1rios que se celebram em 2026: o 300.\u00ba anivers\u00e1rio da sua [&hellip;]<\/p>\n","protected":false},"author":1,"featured_media":4670,"comment_status":"closed","ping_status":"open","sticky":false,"template":"","format":"standard","meta":{"_et_pb_use_builder":"off","_et_pb_old_content":"","_et_gb_content_width":"","footnotes":""},"categories":[13],"tags":[],"class_list":["post-4669","post","type-post","status-publish","format-standard","has-post-thumbnail","hentry","category-divulgacao","et-has-post-format-content","et_post_format-et-post-format-standard"],"_links":{"self":[{"href":"https:\/\/espiritualidade.carmelitas.pt\/boletim\/wp-json\/wp\/v2\/posts\/4669","targetHints":{"allow":["GET"]}}],"collection":[{"href":"https:\/\/espiritualidade.carmelitas.pt\/boletim\/wp-json\/wp\/v2\/posts"}],"about":[{"href":"https:\/\/espiritualidade.carmelitas.pt\/boletim\/wp-json\/wp\/v2\/types\/post"}],"author":[{"embeddable":true,"href":"https:\/\/espiritualidade.carmelitas.pt\/boletim\/wp-json\/wp\/v2\/users\/1"}],"replies":[{"embeddable":true,"href":"https:\/\/espiritualidade.carmelitas.pt\/boletim\/wp-json\/wp\/v2\/comments?post=4669"}],"version-history":[{"count":1,"href":"https:\/\/espiritualidade.carmelitas.pt\/boletim\/wp-json\/wp\/v2\/posts\/4669\/revisions"}],"predecessor-version":[{"id":4671,"href":"https:\/\/espiritualidade.carmelitas.pt\/boletim\/wp-json\/wp\/v2\/posts\/4669\/revisions\/4671"}],"wp:featuredmedia":[{"embeddable":true,"href":"https:\/\/espiritualidade.carmelitas.pt\/boletim\/wp-json\/wp\/v2\/media\/4670"}],"wp:attachment":[{"href":"https:\/\/espiritualidade.carmelitas.pt\/boletim\/wp-json\/wp\/v2\/media?parent=4669"}],"wp:term":[{"taxonomy":"category","embeddable":true,"href":"https:\/\/espiritualidade.carmelitas.pt\/boletim\/wp-json\/wp\/v2\/categories?post=4669"},{"taxonomy":"post_tag","embeddable":true,"href":"https:\/\/espiritualidade.carmelitas.pt\/boletim\/wp-json\/wp\/v2\/tags?post=4669"}],"curies":[{"name":"wp","href":"https:\/\/api.w.org\/{rel}","templated":true}]}}