{"id":4666,"date":"2026-04-30T02:19:00","date_gmt":"2026-04-30T02:19:00","guid":{"rendered":"https:\/\/espiritualidade.carmelitas.pt\/boletim\/?p=4666"},"modified":"2026-04-27T09:28:29","modified_gmt":"2026-04-27T09:28:29","slug":"eucaristia-peregrinos-a-caminho-de-fatima","status":"publish","type":"post","link":"https:\/\/espiritualidade.carmelitas.pt\/boletim\/eucaristia-peregrinos-a-caminho-de-fatima\/","title":{"rendered":"Eucaristia: Peregrinos a Caminho de F\u00e1tima"},"content":{"rendered":"\n<p>Viana do Castelo, 3 de maio<\/p>\n\n\n\n<p>Os <a href=\"https:\/\/carmelitas.pt\/eucaristia-peregrinos-a-caminho-de-fatima\/\">Carmelitas Descal\u00e7os do Convento do Carmo<\/a>, em Viana do Castelo, acompanham e participam na peregrina\u00e7\u00e3o com a presen\u00e7a de um membro da comunidade, o Frei Marco Caldas, entre os dias 5 e 13 de maio. Este ano, a peregrina\u00e7\u00e3o tem como tema: \u201cMaria, o sorriso de Deus na ora\u00e7\u00e3o. \u201dAntes do in\u00edcio da peregrina\u00e7\u00e3o, o Grupo de Peregrinos a Caminho de F\u00e1tima participa na Eucaristia dominical comunit\u00e1ria, celebrada no domingo mais pr\u00f3ximo da partida, confiando a Deus o caminho que ir\u00e3o percorrer. <\/p>\n","protected":false},"excerpt":{"rendered":"<p>Viana do Castelo, 3 de maio Os Carmelitas Descal\u00e7os do Convento do Carmo, em Viana do Castelo, acompanham e participam na peregrina\u00e7\u00e3o com a presen\u00e7a de um membro da comunidade, [&hellip;]<\/p>\n","protected":false},"author":1,"featured_media":4667,"comment_status":"closed","ping_status":"open","sticky":false,"template":"","format":"standard","meta":{"_et_pb_use_builder":"off","_et_pb_old_content":"","_et_gb_content_width":"","footnotes":""},"categories":[16],"tags":[],"class_list":["post-4666","post","type-post","status-publish","format-standard","has-post-thumbnail","hentry","category-peregrinacao","et-has-post-format-content","et_post_format-et-post-format-standard"],"_links":{"self":[{"href":"https:\/\/espiritualidade.carmelitas.pt\/boletim\/wp-json\/wp\/v2\/posts\/4666","targetHints":{"allow":["GET"]}}],"collection":[{"href":"https:\/\/espiritualidade.carmelitas.pt\/boletim\/wp-json\/wp\/v2\/posts"}],"about":[{"href":"https:\/\/espiritualidade.carmelitas.pt\/boletim\/wp-json\/wp\/v2\/types\/post"}],"author":[{"embeddable":true,"href":"https:\/\/espiritualidade.carmelitas.pt\/boletim\/wp-json\/wp\/v2\/users\/1"}],"replies":[{"embeddable":true,"href":"https:\/\/espiritualidade.carmelitas.pt\/boletim\/wp-json\/wp\/v2\/comments?post=4666"}],"version-history":[{"count":1,"href":"https:\/\/espiritualidade.carmelitas.pt\/boletim\/wp-json\/wp\/v2\/posts\/4666\/revisions"}],"predecessor-version":[{"id":4668,"href":"https:\/\/espiritualidade.carmelitas.pt\/boletim\/wp-json\/wp\/v2\/posts\/4666\/revisions\/4668"}],"wp:featuredmedia":[{"embeddable":true,"href":"https:\/\/espiritualidade.carmelitas.pt\/boletim\/wp-json\/wp\/v2\/media\/4667"}],"wp:attachment":[{"href":"https:\/\/espiritualidade.carmelitas.pt\/boletim\/wp-json\/wp\/v2\/media?parent=4666"}],"wp:term":[{"taxonomy":"category","embeddable":true,"href":"https:\/\/espiritualidade.carmelitas.pt\/boletim\/wp-json\/wp\/v2\/categories?post=4666"},{"taxonomy":"post_tag","embeddable":true,"href":"https:\/\/espiritualidade.carmelitas.pt\/boletim\/wp-json\/wp\/v2\/tags?post=4666"}],"curies":[{"name":"wp","href":"https:\/\/api.w.org\/{rel}","templated":true}]}}