{"id":4663,"date":"2026-04-30T02:16:00","date_gmt":"2026-04-30T02:16:00","guid":{"rendered":"https:\/\/espiritualidade.carmelitas.pt\/boletim\/?p=4663"},"modified":"2026-04-27T09:26:49","modified_gmt":"2026-04-27T09:26:49","slug":"v-jornadas-sobre-longevidade","status":"publish","type":"post","link":"https:\/\/espiritualidade.carmelitas.pt\/boletim\/v-jornadas-sobre-longevidade\/","title":{"rendered":"V Jornadas sobre Longevidade"},"content":{"rendered":"\n<p>F\u00e1tima, 5 a 7 de junho de 2026<\/p>\n\n\n\n<p>A Domus Carmeli vai promover, de 5 a 7 de junho de 2026, as <a href=\"https:\/\/domuscarmeli.net\/wp\/2026\/04\/v-jornadas-sobre-longevidade-e-dhi\/\">V Jornadas sobre Longevidade e Desenvolvimento Humano Integral (DHI)<\/a>, em F\u00e1tima. A iniciativa prop\u00f5e uma reflex\u00e3o sobre os desafios do envelhecimento numa sociedade cada vez mais longeva, atrav\u00e9s de uma abordagem integrada que articula dimens\u00f5es f\u00edsicas, psicol\u00f3gicas, sociais e espirituais. Inserido no programa formativo dos Carmelitas Descal\u00e7os, o encontro destaca a import\u00e2ncia de valorizar a dignidade humana em todas as fases da vida e incentivar uma perspetiva interdisciplinar sobre o desenvolvimento humano integral. <\/p>\n","protected":false},"excerpt":{"rendered":"<p>F\u00e1tima, 5 a 7 de junho de 2026 A Domus Carmeli vai promover, de 5 a 7 de junho de 2026, as V Jornadas sobre Longevidade e Desenvolvimento Humano Integral [&hellip;]<\/p>\n","protected":false},"author":1,"featured_media":4664,"comment_status":"closed","ping_status":"open","sticky":false,"template":"","format":"standard","meta":{"_et_pb_use_builder":"off","_et_pb_old_content":"","_et_gb_content_width":"","footnotes":""},"categories":[35],"tags":[],"class_list":["post-4663","post","type-post","status-publish","format-standard","has-post-thumbnail","hentry","category-jornada","et-has-post-format-content","et_post_format-et-post-format-standard"],"_links":{"self":[{"href":"https:\/\/espiritualidade.carmelitas.pt\/boletim\/wp-json\/wp\/v2\/posts\/4663","targetHints":{"allow":["GET"]}}],"collection":[{"href":"https:\/\/espiritualidade.carmelitas.pt\/boletim\/wp-json\/wp\/v2\/posts"}],"about":[{"href":"https:\/\/espiritualidade.carmelitas.pt\/boletim\/wp-json\/wp\/v2\/types\/post"}],"author":[{"embeddable":true,"href":"https:\/\/espiritualidade.carmelitas.pt\/boletim\/wp-json\/wp\/v2\/users\/1"}],"replies":[{"embeddable":true,"href":"https:\/\/espiritualidade.carmelitas.pt\/boletim\/wp-json\/wp\/v2\/comments?post=4663"}],"version-history":[{"count":1,"href":"https:\/\/espiritualidade.carmelitas.pt\/boletim\/wp-json\/wp\/v2\/posts\/4663\/revisions"}],"predecessor-version":[{"id":4665,"href":"https:\/\/espiritualidade.carmelitas.pt\/boletim\/wp-json\/wp\/v2\/posts\/4663\/revisions\/4665"}],"wp:featuredmedia":[{"embeddable":true,"href":"https:\/\/espiritualidade.carmelitas.pt\/boletim\/wp-json\/wp\/v2\/media\/4664"}],"wp:attachment":[{"href":"https:\/\/espiritualidade.carmelitas.pt\/boletim\/wp-json\/wp\/v2\/media?parent=4663"}],"wp:term":[{"taxonomy":"category","embeddable":true,"href":"https:\/\/espiritualidade.carmelitas.pt\/boletim\/wp-json\/wp\/v2\/categories?post=4663"},{"taxonomy":"post_tag","embeddable":true,"href":"https:\/\/espiritualidade.carmelitas.pt\/boletim\/wp-json\/wp\/v2\/tags?post=4663"}],"curies":[{"name":"wp","href":"https:\/\/api.w.org\/{rel}","templated":true}]}}