{"id":4660,"date":"2026-04-30T02:15:00","date_gmt":"2026-04-30T02:15:00","guid":{"rendered":"https:\/\/espiritualidade.carmelitas.pt\/boletim\/?p=4660"},"modified":"2026-04-27T09:24:52","modified_gmt":"2026-04-27T09:24:52","slug":"a-luz-da-biblia-em-joao-da-cruz","status":"publish","type":"post","link":"https:\/\/espiritualidade.carmelitas.pt\/boletim\/a-luz-da-biblia-em-joao-da-cruz\/","title":{"rendered":"A luz da B\u00edblia em Jo\u00e3o da Cruz"},"content":{"rendered":"\n<p>Ano Jubilar de S\u00e3o Jo\u00e3o da Cruz<\/p>\n\n\n\n<p><em>Armindo Vaz, OCD<\/em><\/p>\n\n\n\n<p>Quem ler as obras de Frei Jo\u00e3o da Cruz facilmente conclui que ele est\u00e1 impregnado de esp\u00edrito b\u00edblico. Aquele que, juntamente com S. Teresa de \u00c1vila, constitui o melhor que nos foi dado conhecer em mat\u00e9ria de espiritualidade ocidental, viveu a sua experi\u00eancia de f\u00e9 a temperaturas altas, que o fazem alinhar com grandes figuras b\u00edblicas, igualmente contemplativas e procuradoras de Deus: Isa\u00edas, Jeremias, Oseias, Job, Paulo, Jo\u00e3o evangelista\u2026 Que as suas obras sejam apreciadas por todos deve-se, sem d\u00favida, \u00e0 densa experi\u00eancia humana e m\u00edstica que transmitem; mas tamb\u00e9m se deve ao facto de serem eco da palavra de Deus, que ele fazia respirar de forma fresca e viva.<\/p>\n\n\n\n<p>O te\u00f3logo Henri de Lubac, depois feito cardeal, ao fim da sua obra monumental <em>Ex\u00e9g\u00e8se m\u00e9di\u00e9vale,<\/em> diz que \u00e0 \u201cexegese beneditina\u201d, que alimentou toda a Idade M\u00e9dia, seguiu uma verdadeira renova\u00e7\u00e3o da interpreta\u00e7\u00e3o da B\u00edblia gra\u00e7as \u00e0 \u201cexegese carmelitana\u201d, da qual a obra de S. Jo\u00e3o da Cruz seria um dos primeiros e luminosos exemplos. E Henri de Lubac conclui que essa exegese, t\u00edpica da \u00abvia m\u00edstica\u00bb, se caracteriza por \u201cum olhar sint\u00e9tico extraordinariamente poderoso, que aparece como o privil\u00e9gio essencial dos santos quando est\u00e3o diante da B\u00edblia\u201d (citado por A. LANFRANCHI, \u201c\u00abDie ac nocte in lege Domini meditantes\u00bb\u201d, <em>Quaderni carmelitani<\/em> 22 (2005) 23).<\/p>\n","protected":false},"excerpt":{"rendered":"<p>Ano Jubilar de S\u00e3o Jo\u00e3o da Cruz Armindo Vaz, OCD Quem ler as obras de Frei Jo\u00e3o da Cruz facilmente conclui que ele est\u00e1 impregnado de esp\u00edrito b\u00edblico. Aquele que, [&hellip;]<\/p>\n","protected":false},"author":1,"featured_media":4661,"comment_status":"closed","ping_status":"open","sticky":false,"template":"","format":"standard","meta":{"_et_pb_use_builder":"off","_et_pb_old_content":"","_et_gb_content_width":"","footnotes":""},"categories":[4],"tags":[],"class_list":["post-4660","post","type-post","status-publish","format-standard","has-post-thumbnail","hentry","category-artigos","et-has-post-format-content","et_post_format-et-post-format-standard"],"_links":{"self":[{"href":"https:\/\/espiritualidade.carmelitas.pt\/boletim\/wp-json\/wp\/v2\/posts\/4660","targetHints":{"allow":["GET"]}}],"collection":[{"href":"https:\/\/espiritualidade.carmelitas.pt\/boletim\/wp-json\/wp\/v2\/posts"}],"about":[{"href":"https:\/\/espiritualidade.carmelitas.pt\/boletim\/wp-json\/wp\/v2\/types\/post"}],"author":[{"embeddable":true,"href":"https:\/\/espiritualidade.carmelitas.pt\/boletim\/wp-json\/wp\/v2\/users\/1"}],"replies":[{"embeddable":true,"href":"https:\/\/espiritualidade.carmelitas.pt\/boletim\/wp-json\/wp\/v2\/comments?post=4660"}],"version-history":[{"count":1,"href":"https:\/\/espiritualidade.carmelitas.pt\/boletim\/wp-json\/wp\/v2\/posts\/4660\/revisions"}],"predecessor-version":[{"id":4662,"href":"https:\/\/espiritualidade.carmelitas.pt\/boletim\/wp-json\/wp\/v2\/posts\/4660\/revisions\/4662"}],"wp:featuredmedia":[{"embeddable":true,"href":"https:\/\/espiritualidade.carmelitas.pt\/boletim\/wp-json\/wp\/v2\/media\/4661"}],"wp:attachment":[{"href":"https:\/\/espiritualidade.carmelitas.pt\/boletim\/wp-json\/wp\/v2\/media?parent=4660"}],"wp:term":[{"taxonomy":"category","embeddable":true,"href":"https:\/\/espiritualidade.carmelitas.pt\/boletim\/wp-json\/wp\/v2\/categories?post=4660"},{"taxonomy":"post_tag","embeddable":true,"href":"https:\/\/espiritualidade.carmelitas.pt\/boletim\/wp-json\/wp\/v2\/tags?post=4660"}],"curies":[{"name":"wp","href":"https:\/\/api.w.org\/{rel}","templated":true}]}}