{"id":4476,"date":"2025-12-31T02:36:00","date_gmt":"2025-12-31T02:36:00","guid":{"rendered":"https:\/\/espiritualidade.carmelitas.pt\/boletim\/?p=4476"},"modified":"2025-12-23T09:38:13","modified_gmt":"2025-12-23T09:38:13","slug":"uma-carta-de-frei-joao-da-cruz-para-ti","status":"publish","type":"post","link":"https:\/\/espiritualidade.carmelitas.pt\/boletim\/uma-carta-de-frei-joao-da-cruz-para-ti\/","title":{"rendered":"Uma carta de Frei Jo\u00e3o da Cruz para ti"},"content":{"rendered":"\n<p class=\"has-text-align-center\">\u2014 Descobre a luz na tua noite \u2014<\/p>\n\n\n\n<p class=\"has-text-align-right\"><em>Ver\u00f3nica Parente<\/em><\/p>\n\n\n\n<p>[A escolha de apresentar este texto sob a forma duma carta aos jovens portugueses, <em>na voz<\/em> de Frei Jo\u00e3o da Cruz, obedece a uma op\u00e7\u00e3o propositada ainda que um pouco ousada. Reconhece-se, desde logo, que o pr\u00f3prio m\u00edstico expressaria as suas experi\u00eancias e ensinamentos de maneira muito mais discreta, e tamb\u00e9m mais profunda, po\u00e9tica e sublime do que qualquer tentativa atual possa alcan\u00e7ar. No entanto, esta abordagem apenas pretende criar uma ponte entre a sua espiritualidade e a vida dos adolescentes portugueses de hoje, tornando alguns dos seus conceitos mais acess\u00edveis e experimentais.<\/p>\n\n\n\n<p>Ao assumir a voz de Frei Jo\u00e3o da Cruz, procurarei transmitir n\u00e3o apenas informa\u00e7\u00e3o hist\u00f3rica ou formativa, mas tamb\u00e9m a dimens\u00e3o interior, contemplativa e experiencial da sua mensagem, convidando-os a reconhecer a sua pr\u00f3pria <em>noite escura<\/em> como um caminho de crescimento, autoconhecimento e encontro com o Amor que tudo ilumina.]<\/p>\n\n\n\n<p>Caros jovens Carmelitas Portugueses, filhas e filhos muito queridos e amados:<\/p>\n\n\n\n<p>Escrevo-vos desde o sil\u00eancio do meu cora\u00e7\u00e3o, da intimidade da minha alma, porque desejo partilhar convosco um pouco do que foi a minha vida e alguns dos segredos que Deus me deu, quer calcorreando os vossos lusos caminhos, quer por tantos que percorri pelas terras dos vossos irm\u00e3os ib\u00e9ricos, na minha querida Espanha.<\/p>\n\n\n\n<p>Tal como v\u00f3s, tamb\u00e9m eu fui crian\u00e7a, adolescente e jovem, cheio de perguntas, muitos medos e muitos sonhos, embora em tempos muito diferentes dos vossos, sem ecr\u00e3s, sem cliques, sem redes. Mas, reparai: o cora\u00e7\u00e3o humano permanece o mesmo: todos procuramos sentido, esperan\u00e7a e amor verdadeiros.<\/p>\n\n\n\n<p>Sabei que nasci a meio do ano de 1542, no lugarejo de Fontiveros, numa fam\u00edlia muito pobre. Meu pai, Gon\u00e7alo Yepes, renunciou aos bens da sua fam\u00edlia rica para casar com minha m\u00e3e, Catarina \u00c1lvarez, mulher simples e \u00f3rf\u00e3. Ainda pequenino, perdi meu pai e a pobreza transformou-se em verdadeira mis\u00e9ria. A partir da\u00ed, minha m\u00e3e peregrinou de terra em terra \u00e0 procura de sustento, e eu achei-me acolhido num orfanato. Recordo as noites muito frias e o medo que sentia, sem o aconchego do abra\u00e7o materno, mas tamb\u00e9m os risos partilhados com outras crian\u00e7as que, como eu, aprendiam a sobreviver por n\u00e3o terem um rega\u00e7o para as acolher. Foi nesse sil\u00eancio e nessa priva\u00e7\u00e3o primeiras que Deus come\u00e7ou a ensinar-me a senti-lO e a am\u00e1-lO com o cora\u00e7\u00e3o. Ali soube que Ele me abra\u00e7ava como filho; ali, na sombra discreta, e a olhar a vida com os olhos do Amor que deseja ser amado, reconheci a Luz que guia mais certeira que a luz do meio-dia.<\/p>\n\n\n\n<p>Ainda crian\u00e7a, conheci um homem generoso que se apercebeu da minha intelig\u00eancia e bondade, e me proporcionou estudo e trabalho no Hospital da Concei\u00e7\u00e3o, em Medina del Campo. Durante anos cuidei de doentes com enfermidades incur\u00e1veis, como a s\u00edfilis, e testemunhei sofrimentos de toda a esp\u00e9cie. Sim, entre os cheiros das ervas medicinais e das carnes corrompidas, entre os desleixos dos enfermeiros e os gemidos silenciosos, aprendi eu a escutar n\u00e3o apenas o corpo, mas tamb\u00e9m a alma.<\/p>\n\n\n\n<p>Queridos jovens:<\/p>\n\n\n\n<p>quanto aprendi e amei nas enfermarias daquele hospital! Quanto ali compreendi que Deus habita nos pequenos gestos, no cuidado silencioso, na aten\u00e7\u00e3o ao outro. Na entrega dedicada. Quanto\u2026<\/p>\n\n\n\n<p>Aos dez anos entrei no Col\u00e9gio da Doutrina, onde aprendi latim e catequese. Aos dezassete anos ingressei no Col\u00e9gio Jesu\u00edta de Medina del Campo, onde estudei latim, ret\u00f3rica e humanidades. Passava horas \u2013 entre elas, muitas noturnas, depois dos meus afazeres \u2013 a meditar, entre livros e pensamentos, e pouco a pouco foi crescendo em mim uma inquieta\u00e7\u00e3o que n\u00e3o sabia explicar. Que fogo me ardia e me queimava por dentro?! J\u00e1 ent\u00e3o o meu cora\u00e7\u00e3o procurava algo maior, mais profundo do que o mundo vis\u00edvel dos humanos.<\/p>\n\n\n\n<p>Aos vinte e um anos entrei no Convento de Santa Ana, dos Carmelitas. Lembro-me do dia em que vesti o h\u00e1bito da Senhora do Carmo: medo e paz misturavam-se no meu interior.&nbsp; Mas venceu a paz. No convento aprendi a valorizar ainda mais o sil\u00eancio, a ora\u00e7\u00e3o e o desapego. Aprendi tamb\u00e9m a enfrentar a minha pr\u00f3pria escurid\u00e3o: noites de d\u00favida, ang\u00fastia, medo e sensa\u00e7\u00e3o de abandono. Foi a\u00ed que come\u00e7ou a nascer aquilo a que mais tarde chamariam <em>a doutrina da noite escura<\/em>: cada sombra e cada vazio da alma eram, afinal, um convite precioso de Deus \u00e0 confian\u00e7a e \u00e0 entrega total. Ao abandono.<\/p>\n\n\n\n<p>Mais tarde, nos primeiros dias do meu sacerd\u00f3cio, fui chamado a colaborar na reforma do Carmelo. Muitos n\u00e3o compreenderam o desejo duma vida mais austera, centrada na ora\u00e7\u00e3o silenciosa e profunda. Estive preso em Toledo, confinado a uma cela, ora fria, ora um forno, sem livros nem conforto, sem eucaristia. Que dias ali n\u00e3o vivi, cheios de sofrimento, d\u00favidas, torturas e solid\u00e3o for\u00e7ados! Contudo, mesmo no tormento, Deus estava presente, estava ali comigo. Ali escrevi o mais amoroso e belo dos poemas, o <em>C\u00e2ntico Espiritual<\/em>, tentando dar voz ao que o meu cora\u00e7\u00e3o vivia. Houve noites em que experimentei uma presen\u00e7a de Deus t\u00e3o intensa que me senti transportado para al\u00e9m de mim mesmo, nas asas duma paz desconhecida no mundo. \u00c9 dif\u00edcil expressar isto por palavras.<\/p>\n\n\n\n<p>Mas entre aquilo que escrevi, brotavam pensamentos como este: <em>\u00abA esperan\u00e7a do c\u00e9u \/ tanto alcan\u00e7a quanto espera\u00bb<\/em> (Romance X.4). Reparai: ali, em Toledo, como desde os meus dias primeiros, n\u00e3o surgiam ensinamentos te\u00f3ricos, mas experi\u00eancias vivas e amorosas. Ali, mais uma vez, aprendi que o sofrimento, a espera e o sil\u00eancio podem tornar-se pontes firmes para o Amor divino. S\u00f3 quem assim ama se deixa amar.<\/p>\n\n\n\n<p>Queridos jovens,<\/p>\n\n\n\n<p>sei que a adolesc\u00eancia que viveis \u00e9 um tempo de grande transforma\u00e7\u00e3o. Em Portugal, tal como no mundo, nos adolescentes e jovens est\u00e3o a acontecer mudan\u00e7as profundas na forma como se veem, como se relacionam e como imaginam o futuro. Entre as exig\u00eancias da escola, da fam\u00edlia, a presen\u00e7a constante do mundo digital e as incertezas que geram ansiedade com o mundo do trabalho, a n\u00edvel profissional, ou com a op\u00e7\u00e3o fundamental para as vossas vidas, surgem tamb\u00e9m, par a par, o sentido cr\u00edtico, a coragem e o desejo de justi\u00e7a. Assim vos vejo!<\/p>\n\n\n\n<p>Esta transforma\u00e7\u00e3o estende-se igualmente \u00e0 vossa rela\u00e7\u00e3o com a Igreja de Cristo: muitos de v\u00f3s questionais a f\u00e9 que recebestes e procurais uma experi\u00eancia mais pessoal, mais pr\u00f3xima e aut\u00eantica. Quereis ser ouvidos, caminhar lado a lado com a Igreja e encontrar espa\u00e7os de acolhimento e di\u00e1logo onde a f\u00e9 possa ser vivida com liberdade, sentido e esperan\u00e7a. Sim, sei, n\u00e3o quereis a f\u00e9 dos homens, mas a f\u00e9 de Deus \u2013 quanta incerteza tenho no que tamb\u00e9m eu questiono! A vossa forma de ser e de pensar, o vosso mundo emocional e relacional mudam rapidamente, e \u00e9 normal sentirdes medo, confus\u00e3o e, muitas vezes, mesmo rodeados de pessoas, viveis em completa solid\u00e3o. Mas \u00e9 precisamente neste contexto que nasce uma oportunidade: e que tal se fiz\u00e9ssemos renascer o Carmo Jovem, com garra, com for\u00e7a e vontade de agir? Ser jovem hoje \u00e9 ter coragem de viver plenamente, de acreditar, de lutar pelas causas em que acreditamos, de construir la\u00e7os verdadeiros e de transformar o mundo \u00e0 vossa volta.<\/p>\n\n\n\n<p>No Carmo Jovem, cada um encontra espa\u00e7o para crescer, partilhar, questionar e sonhar. Este \u00e9 o momento de vos unirdes, com for\u00e7a e amor, para serdes uma gera\u00e7\u00e3o que vive a f\u00e9 em modo carmelita de forma aut\u00eantica e criardes um futuro cheio de esperan\u00e7a. Contudo, sei-o bem, dias h\u00e1 em que tudo parece noite e sil\u00eancio, sem sentido nem esperan\u00e7a.<\/p>\n\n\n\n<p>\u00c9 precisamente para esses dias que vos quero falar da noite escura.<\/p>\n\n\n\n<p>A noite n\u00e3o \u00e9 castigo nem fracasso. \u00c9 oportunidade de purifica\u00e7\u00e3o e crescimento interior, \u00e9 um tempo para aprender a confiar e a amar verdadeiramente. Quando sentirdes inquieta\u00e7\u00e3o, tristeza ou vazio, n\u00e3o vireis as costas. Escutai-O. Deixai Deus habitar essas sombras. \u00c9 no aparente nada que Ele faz nascer o Tudo. Cada l\u00e1grima, cada sil\u00eancio, cada d\u00favida e cada momento dif\u00edcil s\u00e3o valiosas sementes lan\u00e7adas \u00e0 terra da vida.<\/p>\n\n\n\n<p>Durante o caminho da adolesc\u00eancia encontrareis decis\u00f5es dif\u00edceis e riscos v\u00e1rios. A ci\u00eancia mostra hoje que muitos jovens vivem com ansiedade, tristeza profunda ou medo de n\u00e3o serem suficientes (Steinberg, 2014; Sroufe, 2009). Mas a noite n\u00e3o vos define. Ela convida-vos a conhecer o vosso cora\u00e7\u00e3o e a descobrir a for\u00e7a que Deus colocou em cada um de v\u00f3s. Sim, n\u00e3o existe cora\u00e7\u00e3o humano t\u00e3o ferido que n\u00e3o possa ser iluminado.<\/p>\n\n\n\n<p>Acreditai!<\/p>\n\n\n\n<p>Cuidai do corpo e da mente, mas tamb\u00e9m do esp\u00edrito. Aprender a escutar o sil\u00eancio, a integrar as emo\u00e7\u00f5es e a discernir os caminhos \u00e9 exerc\u00edcio di\u00e1rio. Aprender a parar, a esperar, a sofrer e a amar sem medo \u00e9 caminhar na luz escondida da noite. A adolesc\u00eancia \u00e9 um tempo precioso para desenvolver estas capacidades e construir h\u00e1bitos que vos acompanhar\u00e3o ao longo de toda a vossa vida.<\/p>\n\n\n\n<p>Queridos amigos,<\/p>\n\n\n\n<p>n\u00e3o vos assusteis com os erros ou fracassos, pr\u00f3prios ou alheios, nem com o trope\u00e7ar nos degraus. Eles s\u00e3o como sombras que fazem sobressair uma luz ainda mais forte quando s\u00e3o assumidos com verdade. Cada dificuldade por que passais \u00e9 um convite \u00e0 paci\u00eancia e ao crescimento da alma. Aprender a suportar prova\u00e7\u00f5es com f\u00e9, \u00e9 cultivar a liberdade interior. Aprender a perdoar \u2013 primeiro a v\u00f3s mesmos e depois aos outros \u2013 \u00e9 abrir espa\u00e7o \u00e0 paz do cora\u00e7\u00e3o.<\/p>\n\n\n\n<p>Se hoje me pergunt\u00e1sseis: <em>\u00abFrei Jo\u00e3o da Cruz, como encontraremos a Deus num mundo t\u00e3o barulhento e confuso?\u00bb,<\/em> eu responder-vos-ia como sempre respondi: n\u00e3o O procureis fora, mas dentro de v\u00f3s! Aprendei a permanecer em sil\u00eancio, a contemplar, a confiar e a amar, porque s\u00f3 assim se vive plenamente! Cada noite, cada dificuldade e cada d\u00favida \u00e9 um poderoso convite a abrirdes o cora\u00e7\u00e3o ao Amor que nunca falha. Os Homens podem abandonar-vos, mas Deus n\u00e3o vos abandona jamais, nem mesmo quando n\u00e3o O sentis. Ali\u00e1s, \u00e9 nesses momentos que mais est\u00e1 com cada um de v\u00f3s.&nbsp; Silencioso e fiel, Ele sempre caminha convosco. As vossas emo\u00e7\u00f5es s\u00e3o guias preciosos; n\u00e3o as ignoreis jamais. A alegria, a tristeza, o medo ou a raiva s\u00e3o mensagens do cora\u00e7\u00e3o que vos convidam a vos conhecerdes melhor e a vos aproximardes mais e mais de Deus. Cada desafio que enfrentais \u00e9 um passo na constru\u00e7\u00e3o de uma vida \u00edntegra e verdadeira. Escutar a voz interior, acolher o sofrimento e agradecer a beleza \u00e9 viver com plenitude. \u00c9 Ser!<\/p>\n\n\n\n<p>A noite assusta. E quantas vezes a vida se parece a uma noite escura! Por\u00e9m, caminhar de noite n\u00e3o \u00e9 perder, mas encontrar! N\u00e3o tenhais medo de caminhar a vossa interioridade, nem jamais do que ainda n\u00e3o compreendeis. A vossa vida tem um valor imenso. Deus habita cada uma das vossas noites, dos vossos desejos, dos vossos sonhos e conquistas, dos vossos percal\u00e7os e derrotas; e de tudo isso Ele faz nascer a luz mais pura e verdadeira.<\/p>\n\n\n\n<p>Amigos:<\/p>\n\n\n\n<p>caminhai com confian\u00e7a, paci\u00eancia e esperan\u00e7a, e descobrireis que no sil\u00eancio da alma se encontram a verdadeira liberdade e a plenitude do Amor e, repito, do Amor que quer ser amado.<\/p>\n\n\n\n<p>Caminhai, jovens, com coragem, f\u00e9 e esperan\u00e7a. Mesmo quando a noite parecer longa e o caminho incerto ou perdido, nunca vos esque\u00e7ais: no cora\u00e7\u00e3o da noite, Deus ensina a voar. Caminhai, porque cada l\u00e1grima, cada d\u00favida e cada medo s\u00e3o sementes da vossa liberdade interior e do encontro com o infinito Amor.<\/p>\n\n\n\n<p>E n\u00e3o esque\u00e7ais nunca: <em>\u00abA esperan\u00e7a, tanto alcan\u00e7a quanto espera!\u00bb<\/em>, n\u00e3o \u00e9 assim o lema com que celebrais os trezentos anos da minha canoniza\u00e7\u00e3o e os cem do meu doutoramento eclesial?!<\/p>\n\n\n\n<p>REFERENCIAS<\/p>\n\n\n\n<p>Cruz, S\u00e3o Jo\u00e3o da (2005). <em>Obras completas de S\u00e3o Jo\u00e3o da Cruz<\/em> (6. ed.). Marco de Canaveses: Edi\u00e7\u00f5es Carmelo.<\/p>\n\n\n\n<p>Steinberg, L. (2014). <em>A adolesc\u00eancia: Uma perspetiva psicol\u00f3gica<\/em>. Porto: Porto Editora.<\/p>\n\n\n\n<p>Sroufe, L. A. (2009). <em>Adolesc\u00eancia e desenvolvimento emocional<\/em>. Lisboa: Funda\u00e7\u00e3o Calouste Gulbenkian.<\/p>\n","protected":false},"excerpt":{"rendered":"<p>\u2014 Descobre a luz na tua noite \u2014 Ver\u00f3nica Parente [A escolha de apresentar este texto sob a forma duma carta aos jovens portugueses, na voz de Frei Jo\u00e3o da [&hellip;]<\/p>\n","protected":false},"author":1,"featured_media":4449,"comment_status":"closed","ping_status":"open","sticky":false,"template":"","format":"standard","meta":{"_et_pb_use_builder":"off","_et_pb_old_content":"","_et_gb_content_width":"","footnotes":""},"categories":[4],"tags":[],"class_list":["post-4476","post","type-post","status-publish","format-standard","has-post-thumbnail","hentry","category-artigos","et-has-post-format-content","et_post_format-et-post-format-standard"],"_links":{"self":[{"href":"https:\/\/espiritualidade.carmelitas.pt\/boletim\/wp-json\/wp\/v2\/posts\/4476","targetHints":{"allow":["GET"]}}],"collection":[{"href":"https:\/\/espiritualidade.carmelitas.pt\/boletim\/wp-json\/wp\/v2\/posts"}],"about":[{"href":"https:\/\/espiritualidade.carmelitas.pt\/boletim\/wp-json\/wp\/v2\/types\/post"}],"author":[{"embeddable":true,"href":"https:\/\/espiritualidade.carmelitas.pt\/boletim\/wp-json\/wp\/v2\/users\/1"}],"replies":[{"embeddable":true,"href":"https:\/\/espiritualidade.carmelitas.pt\/boletim\/wp-json\/wp\/v2\/comments?post=4476"}],"version-history":[{"count":1,"href":"https:\/\/espiritualidade.carmelitas.pt\/boletim\/wp-json\/wp\/v2\/posts\/4476\/revisions"}],"predecessor-version":[{"id":4477,"href":"https:\/\/espiritualidade.carmelitas.pt\/boletim\/wp-json\/wp\/v2\/posts\/4476\/revisions\/4477"}],"wp:featuredmedia":[{"embeddable":true,"href":"https:\/\/espiritualidade.carmelitas.pt\/boletim\/wp-json\/wp\/v2\/media\/4449"}],"wp:attachment":[{"href":"https:\/\/espiritualidade.carmelitas.pt\/boletim\/wp-json\/wp\/v2\/media?parent=4476"}],"wp:term":[{"taxonomy":"category","embeddable":true,"href":"https:\/\/espiritualidade.carmelitas.pt\/boletim\/wp-json\/wp\/v2\/categories?post=4476"},{"taxonomy":"post_tag","embeddable":true,"href":"https:\/\/espiritualidade.carmelitas.pt\/boletim\/wp-json\/wp\/v2\/tags?post=4476"}],"curies":[{"name":"wp","href":"https:\/\/api.w.org\/{rel}","templated":true}]}}