{"id":423,"date":"2017-06-18T13:39:35","date_gmt":"2017-06-18T13:39:35","guid":{"rendered":"http:\/\/espiritualidade.carmelitas.pt\/boletim\/?p=423"},"modified":"2017-06-18T13:39:35","modified_gmt":"2017-06-18T13:39:35","slug":"do-centenario-de-s-teresa-para-o-jubileu-da-misericordia","status":"publish","type":"post","link":"https:\/\/espiritualidade.carmelitas.pt\/boletim\/do-centenario-de-s-teresa-para-o-jubileu-da-misericordia\/","title":{"rendered":"Do centen\u00e1rio de S. Teresa para o Jubileu da Miseric\u00f3rdia"},"content":{"rendered":"<p class=\"p3\"><em>Armindo Vaz<\/em><\/p>\n<p class=\"p3\">Numa feliz sequ\u00eancia, terminado o 5\u00ba Centen\u00e1rio do Nascimento de Teresa de \u00c1vila, eis que come\u00e7a o Jubileu Extraordin\u00e1rio da Miseric\u00f3rdia. Se s\u00e3o os m\u00edsticos as melhores testemunhas da experi\u00eancia de Deus e aqueles que n\u00e3o deixam banalizar a Sua imagem, Teresa de Jesus \u00e9 um dos mais altos arautos do rosto misericordioso de Deus, aparecido na pessoa de Jesus. A experi\u00eancia que Teresa fez de Deus passou muito pela percep\u00e7\u00e3o da Sua \u00abmiseric\u00f3rdia, conceito fundamental do evangelho e clave da vida crist\u00e3\u00bb (t\u00edtulo do livro do cardeal Walter Kasper).<\/p>\n<p class=\"p3\">De facto, um ano antes de morrer, Teresa relia ou cantava a sua vida inteira \u2013 qual partitura musical \u2013 na clave da \u00abmiseric\u00f3rdia de Deus\u00bb. Como a clave musical d\u00e1 valor \u00e0s notas que seguem, assim a miseric\u00f3rdia de Deus deu o tom a toda a vida de Teresa: \u201cCom quanta raz\u00e3o as posso eu para sempre cantar [as vossas miseric\u00f3rdias]! \u00d3 meu Deus, eu Vos suplico que seja assim e que eu as cante sem fim, j\u00e1 que quisestes t\u00ea-las t\u00e3o grandes para comigo\u201d (<i>Livro da Vida<\/i> 14,10-11). Assim fazia ela ecoar o Salmo 89,2, tal como aparecia na <i>Vulgata<\/i> e na liturgia (88,2): \u201cas miseric\u00f3rdias do Senhor cantarei eternamente\u201d.<\/p>\n<p class=\"p3\">O amor gratuito de Deus modelou toda a sua vida de mulher crente, vivida em resposta ao Amor. A sabedoria dela neste ponto estava em ter a n\u00edtida consci\u00eancia de que a sua hist\u00f3ria pessoal era a hist\u00f3ria da miseric\u00f3rdia de Deus para com ela, sendo a dela uma miniatura da <i>hist\u00f3ria da salva\u00e7\u00e3o<\/i> b\u00edblica. Como Maria no seu <i>magnificat<\/i> (outra miniatura da <i>hist\u00f3ria da salva\u00e7\u00e3o<\/i>) liga duas vezes a grandeza de Deus \u00e0 sua miseric\u00f3rdia (\u201clembrado da miseric\u00f3rdia\u2026 a favor de Abra\u00e3o e dos seus descendentes para sempre\u201d), tamb\u00e9m Teresa canta o seu <i>magnificat<\/i> pessoal: \u201cAdmirada, penso muitas vezes na imensa bondade de Deus; e a minha alma consola-se a contemplar a sua grande magnific\u00eancia e miseric\u00f3rdia\u201d (<i>Livro da Vida<\/i> 4,10). \u201c\u00d3 meu Deus\u2026, muitas vezes a dor das minhas grandes culpas \u00e9 mitigada pela consola\u00e7\u00e3o de pensar que elas dar\u00e3o a conhecer a grandeza da vossa miseric\u00f3rdia\u201d (<i>Livro da Vida<\/i> 4,3). \u201cFazei resplandecer [em mim, pecadora] a Vossa miseric\u00f3rdia\u201d (<i>Exclama\u00e7\u00f5es<\/i> 10,3). Do <i>Livro da<\/i> sua <i>Vida<\/i> diz ela a um padre que lhe escreveu falando-lhe do profundo impacto que lhe tinha causado a sua leitura: \u201cAssim intitulei esse livro \u00abDas miseric\u00f3rdias de Deus\u00bb\u201d ( Carta a D. Pedro de Castro, \u00c1vila 19.11.1581).<\/p>\n<p class=\"p3\">Perante o pecado humano, toda a comunica\u00e7\u00e3o de Deus se exprime em termos de miseric\u00f3rdia: \u201cQuanto maior o mal, mais resplandece o bem imenso das vossas miseric\u00f3rdias\u201d (<i>Livro da Vida<\/i> 14,10). \u201cPensemo-lo bem: nunca poderemos acabar de entender o que devemos a Deus nosso Senhor e \u00e0s magnific\u00eancias da sua miseric\u00f3rdia\u201d (<i>Exclama\u00e7\u00f5es<\/i> 10,3).<\/p>\n<p class=\"p3\">Como Teresa diz (em <i>Funda\u00e7\u00f5es<\/i> 5,2), todos somos capazes de amar, especialmente se nos sentimos amados. Por isso, procurou responder e exortou a responder com um amor que tenha como bitola o amor\/miseric\u00f3rdia de Deus por n\u00f3s.<\/p>\n","protected":false},"excerpt":{"rendered":"<p>Armindo Vaz Numa feliz sequ\u00eancia, terminado o 5\u00ba Centen\u00e1rio do Nascimento de Teresa de \u00c1vila, eis que come\u00e7a o Jubileu Extraordin\u00e1rio da Miseric\u00f3rdia. Se s\u00e3o os m\u00edsticos as melhores testemunhas [&hellip;]<\/p>\n","protected":false},"author":1,"featured_media":0,"comment_status":"closed","ping_status":"open","sticky":false,"template":"","format":"standard","meta":{"_et_pb_use_builder":"","_et_pb_old_content":"","_et_gb_content_width":"","footnotes":""},"categories":[4],"tags":[],"class_list":["post-423","post","type-post","status-publish","format-standard","hentry","category-artigos","et-doesnt-have-format-content","et_post_format-et-post-format-standard"],"_links":{"self":[{"href":"https:\/\/espiritualidade.carmelitas.pt\/boletim\/wp-json\/wp\/v2\/posts\/423","targetHints":{"allow":["GET"]}}],"collection":[{"href":"https:\/\/espiritualidade.carmelitas.pt\/boletim\/wp-json\/wp\/v2\/posts"}],"about":[{"href":"https:\/\/espiritualidade.carmelitas.pt\/boletim\/wp-json\/wp\/v2\/types\/post"}],"author":[{"embeddable":true,"href":"https:\/\/espiritualidade.carmelitas.pt\/boletim\/wp-json\/wp\/v2\/users\/1"}],"replies":[{"embeddable":true,"href":"https:\/\/espiritualidade.carmelitas.pt\/boletim\/wp-json\/wp\/v2\/comments?post=423"}],"version-history":[{"count":1,"href":"https:\/\/espiritualidade.carmelitas.pt\/boletim\/wp-json\/wp\/v2\/posts\/423\/revisions"}],"predecessor-version":[{"id":424,"href":"https:\/\/espiritualidade.carmelitas.pt\/boletim\/wp-json\/wp\/v2\/posts\/423\/revisions\/424"}],"wp:attachment":[{"href":"https:\/\/espiritualidade.carmelitas.pt\/boletim\/wp-json\/wp\/v2\/media?parent=423"}],"wp:term":[{"taxonomy":"category","embeddable":true,"href":"https:\/\/espiritualidade.carmelitas.pt\/boletim\/wp-json\/wp\/v2\/categories?post=423"},{"taxonomy":"post_tag","embeddable":true,"href":"https:\/\/espiritualidade.carmelitas.pt\/boletim\/wp-json\/wp\/v2\/tags?post=423"}],"curies":[{"name":"wp","href":"https:\/\/api.w.org\/{rel}","templated":true}]}}