{"id":4176,"date":"2025-05-31T02:05:00","date_gmt":"2025-05-31T02:05:00","guid":{"rendered":"https:\/\/espiritualidade.carmelitas.pt\/boletim\/?p=4176"},"modified":"2025-05-27T14:06:26","modified_gmt":"2025-05-27T14:06:26","slug":"que-capitulos-para-a-historia-de-fatima-2","status":"publish","type":"post","link":"https:\/\/espiritualidade.carmelitas.pt\/boletim\/que-capitulos-para-a-historia-de-fatima-2\/","title":{"rendered":"Que cap\u00edtulos para a Hist\u00f3ria de F\u00e1tima?"},"content":{"rendered":"\n<p>F\u00e1tima, 2 a 4 de julho de 2025<\/p>\n\n\n\n<p>Com o objetivo de aproximar os estudiosos de um dos fen\u00f3menos mais importantes da hist\u00f3ria religiosa do mundo contempor\u00e2neo, o Santu\u00e1rio de F\u00e1tima, promove, desde 2016, os <a href=\"https:\/\/www.fatima.pt\/pt\/pages\/cursos-de-verao-2025\">Cursos de Ver\u00e3o<\/a> do Santu\u00e1rio de F\u00e1tima, apresentando aos interessados perspetivas de estudo multidisciplinares que olham para F\u00e1tima sob os mais diversificados prismas. Na 10.\u00aa edi\u00e7\u00e3o, a partir da pergunta \u201cque cap\u00edtulos para a Hist\u00f3ria de F\u00e1tima?\u201d, ser\u00e1 proposto um itiner\u00e1rio tem\u00e1tico sobre os principais conte\u00fados da Hist\u00f3ria e Mensagem de F\u00e1tima, estruturando a desej\u00e1vel publica\u00e7\u00e3o que o s\u00e9culo XXI j\u00e1 deve a este acontecimento hist\u00f3rico. \uf320<\/p>\n","protected":false},"excerpt":{"rendered":"<p>F\u00e1tima, 2 a 4 de julho de 2025 Com o objetivo de aproximar os estudiosos de um dos fen\u00f3menos mais importantes da hist\u00f3ria religiosa do mundo contempor\u00e2neo, o Santu\u00e1rio de [&hellip;]<\/p>\n","protected":false},"author":1,"featured_media":4171,"comment_status":"closed","ping_status":"open","sticky":false,"template":"","format":"standard","meta":{"_et_pb_use_builder":"off","_et_pb_old_content":"","_et_gb_content_width":"","footnotes":""},"categories":[1],"tags":[],"class_list":["post-4176","post","type-post","status-publish","format-standard","has-post-thumbnail","hentry","category-cursos","et-has-post-format-content","et_post_format-et-post-format-standard"],"_links":{"self":[{"href":"https:\/\/espiritualidade.carmelitas.pt\/boletim\/wp-json\/wp\/v2\/posts\/4176","targetHints":{"allow":["GET"]}}],"collection":[{"href":"https:\/\/espiritualidade.carmelitas.pt\/boletim\/wp-json\/wp\/v2\/posts"}],"about":[{"href":"https:\/\/espiritualidade.carmelitas.pt\/boletim\/wp-json\/wp\/v2\/types\/post"}],"author":[{"embeddable":true,"href":"https:\/\/espiritualidade.carmelitas.pt\/boletim\/wp-json\/wp\/v2\/users\/1"}],"replies":[{"embeddable":true,"href":"https:\/\/espiritualidade.carmelitas.pt\/boletim\/wp-json\/wp\/v2\/comments?post=4176"}],"version-history":[{"count":1,"href":"https:\/\/espiritualidade.carmelitas.pt\/boletim\/wp-json\/wp\/v2\/posts\/4176\/revisions"}],"predecessor-version":[{"id":4177,"href":"https:\/\/espiritualidade.carmelitas.pt\/boletim\/wp-json\/wp\/v2\/posts\/4176\/revisions\/4177"}],"wp:featuredmedia":[{"embeddable":true,"href":"https:\/\/espiritualidade.carmelitas.pt\/boletim\/wp-json\/wp\/v2\/media\/4171"}],"wp:attachment":[{"href":"https:\/\/espiritualidade.carmelitas.pt\/boletim\/wp-json\/wp\/v2\/media?parent=4176"}],"wp:term":[{"taxonomy":"category","embeddable":true,"href":"https:\/\/espiritualidade.carmelitas.pt\/boletim\/wp-json\/wp\/v2\/categories?post=4176"},{"taxonomy":"post_tag","embeddable":true,"href":"https:\/\/espiritualidade.carmelitas.pt\/boletim\/wp-json\/wp\/v2\/tags?post=4176"}],"curies":[{"name":"wp","href":"https:\/\/api.w.org\/{rel}","templated":true}]}}