{"id":4170,"date":"2025-05-31T02:03:00","date_gmt":"2025-05-31T02:03:00","guid":{"rendered":"https:\/\/espiritualidade.carmelitas.pt\/boletim\/?p=4170"},"modified":"2025-05-27T14:05:08","modified_gmt":"2025-05-27T14:05:08","slug":"ciclo-de-conferencias-peregrinos-de-esperanca","status":"publish","type":"post","link":"https:\/\/espiritualidade.carmelitas.pt\/boletim\/ciclo-de-conferencias-peregrinos-de-esperanca\/","title":{"rendered":"Ciclo de confer\u00eancias Peregrinos de esperan\u00e7a"},"content":{"rendered":"\n<p>F\u00e1tima, 30 de maio a 1 de junho de 2025<\/p>\n\n\n\n<p>O <a href=\"https:\/\/ccc.diocese-porto.pt\/acaoformacao\/ciclo-peregrinos-de-esperanca-2024-2025\/\">Centro de Cultura Cat\u00f3lica (CCC) <\/a>da Diocese do Porto tem vindo a organizar, um ciclo de confer\u00eancias, a prop\u00f3sito do Jubileu da Igreja cat\u00f3lica, \u00abPeregrinos de esperan\u00e7a\u00bb. No m\u00eas de junho haver\u00e1 duas confer\u00eancias: a 3 de junho, com Ad\u00e9lio Fernando Abreu, do Centro de Cultura Cat\u00f3lica e da Faculdade de Teologia, da UCP, com o tema \u00abA mem\u00f3ria de uma Igreja sinodal: No 17.\u00ba centen\u00e1rio do primeiro Conc\u00edlio de Niceia\u00bb e a 17 de junho o ciclo encerra com o tema \u00ab\u201cN\u00f3s cremos\u201d: As Igrejas crist\u00e3s no Porto no 17.\u00ba centen\u00e1rio do primeiro Conc\u00edlio de Niceia\u00bb, que ser\u00e1 desenvolvido pela Comiss\u00e3o Ecum\u00e9nica do Porto. As sess\u00f5es decorrem por videoconfer\u00eancia, \u201cs\u00e3o abertas e de participa\u00e7\u00e3o livre por todos os interessados\u201d, requerendo, no entanto, inscri\u00e7\u00e3o. <\/p>\n","protected":false},"excerpt":{"rendered":"<p>F\u00e1tima, 30 de maio a 1 de junho de 2025 O Centro de Cultura Cat\u00f3lica (CCC) da Diocese do Porto tem vindo a organizar, um ciclo de confer\u00eancias, a prop\u00f3sito [&hellip;]<\/p>\n","protected":false},"author":1,"featured_media":4173,"comment_status":"closed","ping_status":"open","sticky":false,"template":"","format":"standard","meta":{"_et_pb_use_builder":"off","_et_pb_old_content":"","_et_gb_content_width":"","footnotes":""},"categories":[3],"tags":[],"class_list":["post-4170","post","type-post","status-publish","format-standard","has-post-thumbnail","hentry","category-conferencias","et-has-post-format-content","et_post_format-et-post-format-standard"],"_links":{"self":[{"href":"https:\/\/espiritualidade.carmelitas.pt\/boletim\/wp-json\/wp\/v2\/posts\/4170","targetHints":{"allow":["GET"]}}],"collection":[{"href":"https:\/\/espiritualidade.carmelitas.pt\/boletim\/wp-json\/wp\/v2\/posts"}],"about":[{"href":"https:\/\/espiritualidade.carmelitas.pt\/boletim\/wp-json\/wp\/v2\/types\/post"}],"author":[{"embeddable":true,"href":"https:\/\/espiritualidade.carmelitas.pt\/boletim\/wp-json\/wp\/v2\/users\/1"}],"replies":[{"embeddable":true,"href":"https:\/\/espiritualidade.carmelitas.pt\/boletim\/wp-json\/wp\/v2\/comments?post=4170"}],"version-history":[{"count":1,"href":"https:\/\/espiritualidade.carmelitas.pt\/boletim\/wp-json\/wp\/v2\/posts\/4170\/revisions"}],"predecessor-version":[{"id":4175,"href":"https:\/\/espiritualidade.carmelitas.pt\/boletim\/wp-json\/wp\/v2\/posts\/4170\/revisions\/4175"}],"wp:featuredmedia":[{"embeddable":true,"href":"https:\/\/espiritualidade.carmelitas.pt\/boletim\/wp-json\/wp\/v2\/media\/4173"}],"wp:attachment":[{"href":"https:\/\/espiritualidade.carmelitas.pt\/boletim\/wp-json\/wp\/v2\/media?parent=4170"}],"wp:term":[{"taxonomy":"category","embeddable":true,"href":"https:\/\/espiritualidade.carmelitas.pt\/boletim\/wp-json\/wp\/v2\/categories?post=4170"},{"taxonomy":"post_tag","embeddable":true,"href":"https:\/\/espiritualidade.carmelitas.pt\/boletim\/wp-json\/wp\/v2\/tags?post=4170"}],"curies":[{"name":"wp","href":"https:\/\/api.w.org\/{rel}","templated":true}]}}