{"id":4150,"date":"2025-04-30T08:24:33","date_gmt":"2025-04-30T08:24:33","guid":{"rendered":"https:\/\/espiritualidade.carmelitas.pt\/boletim\/?p=4150"},"modified":"2025-04-30T08:24:36","modified_gmt":"2025-04-30T08:24:36","slug":"jubileu-e-esperanca-2","status":"publish","type":"post","link":"https:\/\/espiritualidade.carmelitas.pt\/boletim\/jubileu-e-esperanca-2\/","title":{"rendered":"Jubileu e esperan\u00e7a"},"content":{"rendered":"\n<p class=\"has-text-align-right\"><em>Armindo Vaz, OCD<\/em><\/p>\n\n\n\n<p>A resposta definitiva \u00e0 esperan\u00e7a crist\u00e3 est\u00e1 na ressurrei\u00e7\u00e3o real de Jesus Cristo pela for\u00e7a do Esp\u00edrito do Pai. Ela foi a vit\u00f3ria do amor sobre a morte, a aprova\u00e7\u00e3o divina de tudo o que Jesus fez na sua vida terrena. Foi a consagra\u00e7\u00e3o do sentido \u00faltimo de uma vida e de uma morte por amor. \u00c0 luz da sua ressurrei\u00e7\u00e3o, tudo o que ele tinha dito e feito fazia agora sentido perfeito. Projectava retrospectivamente uma luz nova sobre o sofrimento e sobre a vida do Crucificado, mas tamb\u00e9m iluminava toda a hist\u00f3ria da humanidade dando-lhe esperan\u00e7a. Com f\u00e9 na ressurrei\u00e7\u00e3o, a esperan\u00e7a crist\u00e3 v\u00ea o presente como g\u00e9rmen de uma vida de amor, que se torna definitiva em Deus: \u00abPela sua grande miseric\u00f3rdia, [Deus] fez-nos nascer de novo para a esperan\u00e7a viva, que Ele nos deu ressuscitando Jesus Cristo da morte\u00bb (1Ped 1,3). Venha o que vier, a minha vida n\u00e3o poder\u00e1 ser menos do que aquilo que Ele prometeu, realizou e garantiu.<\/p>\n\n\n\n<p>Depois de criticar \u00abuma sociedade cruel que n\u00e3o d\u00e1 a esperan\u00e7a\u00bb, no dia 17.6.2013 o Papa Francisco, abrindo o Congresso da Diocese de Roma sobre o tema\u00a0N\u00e3o me envergonho do Evangelho, vincou que os crist\u00e3os devem \u00aboferecer a esperan\u00e7a crist\u00e3\u00bb. A morte e a ressurrei\u00e7\u00e3o de Jesus s\u00e3o \u00aba maior mudan\u00e7a da hist\u00f3ria da humanidade\u00bb, tornando-se uma \u00abrevolu\u00e7\u00e3o\u00bb porque \u00abmuda o cora\u00e7\u00e3o\u00bb. \u00abN\u00f3s somos revolucion\u00e1rios desta revolu\u00e7\u00e3o porque caminhamos por esta estrada da maior mudan\u00e7a da hist\u00f3ria da humanidade. Um crist\u00e3o, se n\u00e3o \u00e9 revolucion\u00e1rio, n\u00e3o \u00e9 crist\u00e3o\u00bb, acrescentou.<\/p>\n","protected":false},"excerpt":{"rendered":"<p>Armindo Vaz, OCD A resposta definitiva \u00e0 esperan\u00e7a crist\u00e3 est\u00e1 na ressurrei\u00e7\u00e3o real de Jesus Cristo pela for\u00e7a do Esp\u00edrito do Pai. Ela foi a vit\u00f3ria do amor sobre a [&hellip;]<\/p>\n","protected":false},"author":1,"featured_media":4151,"comment_status":"closed","ping_status":"open","sticky":false,"template":"","format":"standard","meta":{"_et_pb_use_builder":"off","_et_pb_old_content":"","_et_gb_content_width":"","footnotes":""},"categories":[4],"tags":[],"class_list":["post-4150","post","type-post","status-publish","format-standard","has-post-thumbnail","hentry","category-artigos","et-has-post-format-content","et_post_format-et-post-format-standard"],"_links":{"self":[{"href":"https:\/\/espiritualidade.carmelitas.pt\/boletim\/wp-json\/wp\/v2\/posts\/4150","targetHints":{"allow":["GET"]}}],"collection":[{"href":"https:\/\/espiritualidade.carmelitas.pt\/boletim\/wp-json\/wp\/v2\/posts"}],"about":[{"href":"https:\/\/espiritualidade.carmelitas.pt\/boletim\/wp-json\/wp\/v2\/types\/post"}],"author":[{"embeddable":true,"href":"https:\/\/espiritualidade.carmelitas.pt\/boletim\/wp-json\/wp\/v2\/users\/1"}],"replies":[{"embeddable":true,"href":"https:\/\/espiritualidade.carmelitas.pt\/boletim\/wp-json\/wp\/v2\/comments?post=4150"}],"version-history":[{"count":1,"href":"https:\/\/espiritualidade.carmelitas.pt\/boletim\/wp-json\/wp\/v2\/posts\/4150\/revisions"}],"predecessor-version":[{"id":4152,"href":"https:\/\/espiritualidade.carmelitas.pt\/boletim\/wp-json\/wp\/v2\/posts\/4150\/revisions\/4152"}],"wp:featuredmedia":[{"embeddable":true,"href":"https:\/\/espiritualidade.carmelitas.pt\/boletim\/wp-json\/wp\/v2\/media\/4151"}],"wp:attachment":[{"href":"https:\/\/espiritualidade.carmelitas.pt\/boletim\/wp-json\/wp\/v2\/media?parent=4150"}],"wp:term":[{"taxonomy":"category","embeddable":true,"href":"https:\/\/espiritualidade.carmelitas.pt\/boletim\/wp-json\/wp\/v2\/categories?post=4150"},{"taxonomy":"post_tag","embeddable":true,"href":"https:\/\/espiritualidade.carmelitas.pt\/boletim\/wp-json\/wp\/v2\/tags?post=4150"}],"curies":[{"name":"wp","href":"https:\/\/api.w.org\/{rel}","templated":true}]}}