{"id":4026,"date":"2025-01-28T17:40:18","date_gmt":"2025-01-28T17:40:18","guid":{"rendered":"https:\/\/espiritualidade.carmelitas.pt\/boletim\/?p=4026"},"modified":"2025-01-28T17:40:20","modified_gmt":"2025-01-28T17:40:20","slug":"lectio-divina-2025","status":"publish","type":"post","link":"https:\/\/espiritualidade.carmelitas.pt\/boletim\/lectio-divina-2025\/","title":{"rendered":"Lectio Divina 2025"},"content":{"rendered":"\n<p>O Departamento de Liturgia do Santu\u00e1rio de F\u00e1tima oferece <a href=\"https:\/\/www.fatima.pt\/pt\/news\/santuario-oferece-lectio-divina-para-preparacao-das-celebracoes-dominicais\">encontros<\/a> de Lectio Divina de prepara\u00e7\u00e3o para as celebra\u00e7\u00f5es dominicais entre at\u00e9 junho de 2025. A iniciativa \u00e9 aberta a toda a comunidade e visa aprofundar a escuta orante da Palavra de Deus e promover uma participa\u00e7\u00e3o mais ativa e consciente na Liturgia. Esta a\u00e7\u00e3o \u00e9 de participa\u00e7\u00e3o livre, n\u00e3o carece de inscri\u00e7\u00e3o pr\u00e9via e pode ser frequentada por quem deseje aprofundar a sua rela\u00e7\u00e3o com a Palavra de Deus. Recomenda-se que os participantes levem consigo um missal popular ou a B\u00edblia, para poderem acompanhar as reflex\u00f5es propostas. \uf320<\/p>\n","protected":false},"excerpt":{"rendered":"<p>O Departamento de Liturgia do Santu\u00e1rio de F\u00e1tima oferece encontros de Lectio Divina de prepara\u00e7\u00e3o para as celebra\u00e7\u00f5es dominicais entre at\u00e9 junho de 2025. A iniciativa \u00e9 aberta a toda [&hellip;]<\/p>\n","protected":false},"author":1,"featured_media":4022,"comment_status":"closed","ping_status":"open","sticky":false,"template":"","format":"standard","meta":{"_et_pb_use_builder":"off","_et_pb_old_content":"","_et_gb_content_width":"","footnotes":""},"categories":[37],"tags":[],"class_list":["post-4026","post","type-post","status-publish","format-standard","has-post-thumbnail","hentry","category-formacao","et-has-post-format-content","et_post_format-et-post-format-standard"],"_links":{"self":[{"href":"https:\/\/espiritualidade.carmelitas.pt\/boletim\/wp-json\/wp\/v2\/posts\/4026","targetHints":{"allow":["GET"]}}],"collection":[{"href":"https:\/\/espiritualidade.carmelitas.pt\/boletim\/wp-json\/wp\/v2\/posts"}],"about":[{"href":"https:\/\/espiritualidade.carmelitas.pt\/boletim\/wp-json\/wp\/v2\/types\/post"}],"author":[{"embeddable":true,"href":"https:\/\/espiritualidade.carmelitas.pt\/boletim\/wp-json\/wp\/v2\/users\/1"}],"replies":[{"embeddable":true,"href":"https:\/\/espiritualidade.carmelitas.pt\/boletim\/wp-json\/wp\/v2\/comments?post=4026"}],"version-history":[{"count":1,"href":"https:\/\/espiritualidade.carmelitas.pt\/boletim\/wp-json\/wp\/v2\/posts\/4026\/revisions"}],"predecessor-version":[{"id":4027,"href":"https:\/\/espiritualidade.carmelitas.pt\/boletim\/wp-json\/wp\/v2\/posts\/4026\/revisions\/4027"}],"wp:featuredmedia":[{"embeddable":true,"href":"https:\/\/espiritualidade.carmelitas.pt\/boletim\/wp-json\/wp\/v2\/media\/4022"}],"wp:attachment":[{"href":"https:\/\/espiritualidade.carmelitas.pt\/boletim\/wp-json\/wp\/v2\/media?parent=4026"}],"wp:term":[{"taxonomy":"category","embeddable":true,"href":"https:\/\/espiritualidade.carmelitas.pt\/boletim\/wp-json\/wp\/v2\/categories?post=4026"},{"taxonomy":"post_tag","embeddable":true,"href":"https:\/\/espiritualidade.carmelitas.pt\/boletim\/wp-json\/wp\/v2\/tags?post=4026"}],"curies":[{"name":"wp","href":"https:\/\/api.w.org\/{rel}","templated":true}]}}