{"id":3993,"date":"2024-12-31T02:23:00","date_gmt":"2024-12-31T02:23:00","guid":{"rendered":"https:\/\/espiritualidade.carmelitas.pt\/boletim\/?p=3993"},"modified":"2024-12-23T10:56:59","modified_gmt":"2024-12-23T10:56:59","slug":"jubileu-e-esperanca-o-senhor-falou-a-moises-no-monte-sinai","status":"publish","type":"post","link":"https:\/\/espiritualidade.carmelitas.pt\/boletim\/jubileu-e-esperanca-o-senhor-falou-a-moises-no-monte-sinai\/","title":{"rendered":"Jubileu e esperan\u00e7a: O Senhor falou a Mois\u00e9s no monte Sinai"},"content":{"rendered":"\n<p class=\"has-text-align-right\">Armindo Vaz, OCD<\/p>\n\n\n\n<p>\u00abO Senhor falou a Mois\u00e9s no monte Sinai, dizendo: \u201cNesse ano de jubileu, retornareis todos \u00e0s respectivas propriedades. Se venderes alguma coisa ao teu pr\u00f3ximo ou dele a comprares, n\u00e3o vos prejudiqueis um ao outro. Comprar\u00e1s do teu pr\u00f3ximo, tendo em conta o n\u00famero de anos transcorridos desde o \u00faltimo jubileu: ele vender\u00e1 a ti, tendo em conta os anos de colheita. Quanto maior for o n\u00famero desses anos, tanto mais subir\u00e1s o pre\u00e7o de venda; e quanto menor for, tanto mais descer\u00e1s o pre\u00e7o, pois ele vende-te um determinado n\u00famero de colheitas. Ningu\u00e9m de v\u00f3s prejudique o seu pr\u00f3ximo. Teme o teu Deus, porque Eu sou o Senhor, vosso Deus\u201d\u00bb&nbsp;&nbsp; (Lev\u00edtico 25,1.13-17).<\/p>\n\n\n\n<p>No passado dia 18 de Dezembro, o Papa Francisco declarou santas as bem-aventuradas 16 Carmelitas Descal\u00e7as do convento de Compi\u00e8gne, que tinham sido beatificadas como m\u00e1rtires por Pio X em 1906. Foram guilhotinadas <em>por \u00f3dio \u00e0 f\u00e9<\/em> no dia 17.7.1794 em Paris, no final do Terror durante a Revolu\u00e7\u00e3o Francesa. A esperan\u00e7a com que elas se ofereceram a Deus pela paz entre o Estado e a Igreja foi julgada como \u00abfanatismo\u00bb pelo tribunal revolucion\u00e1rio que as condenou \u00e0 morte. Aceitando livremente a morte e dando a vida, com Deus pelos homens, tornaram-se consci\u00eancia da humanidade. Deram testemunho da igualdade, da liberdade e da fraternidade aprendidas do evangelho de Jesus: \u00abV\u00f3s sois todos irm\u00e3os\u00bb (Mt 23,8).<\/p>\n\n\n\n<p>Numa das exorta\u00e7\u00f5es mais convincentes da B\u00edblia, Paulo incute aos crist\u00e3os Romanos confian\u00e7a inatac\u00e1vel, apontando precisamente a esperan\u00e7a como raz\u00e3o para superar os ataques \u00e0 vida humana: \u201cSomos tratados como ovelhas destinadas ao matadouro. Mas em tudo isto sa\u00edmos vencedores gra\u00e7as \u00e0quele que nos amou. Sim, estou certo de que nem a morte nem a vida\u2026, nem o presente nem o futuro\u2026, nem a altura nem a profundidade, nem qualquer outra criatura poder\u00e1 separar-nos do amor de Deus manifestado em Cristo Jesus, nosso Senhor\u201d (8,36-39). Por isso, \u201ca vida que agora tenho na carne vivo-a na f\u00e9 do Filho de Deus que me amou e se entregou a si mesmo por mim\u201d (Gl 2,20). Esta n\u00e3o \u00e9 uma esperan\u00e7a vazia e infundada. Tem conte\u00fado. Fundamenta-se no amor hist\u00f3rico de Jesus, ao manifestar em pleno o amor de Deus salvador no arco temporal que se abriu com o seu Natal. A esperan\u00e7a da humanidade no Desejado de todos os povos come\u00e7ou a efectivar-se no seu Natal.<\/p>\n","protected":false},"excerpt":{"rendered":"<p>Armindo Vaz, OCD \u00abO Senhor falou a Mois\u00e9s no monte Sinai, dizendo: \u201cNesse ano de jubileu, retornareis todos \u00e0s respectivas propriedades. Se venderes alguma coisa ao teu pr\u00f3ximo ou dele [&hellip;]<\/p>\n","protected":false},"author":1,"featured_media":3994,"comment_status":"closed","ping_status":"open","sticky":false,"template":"","format":"standard","meta":{"_et_pb_use_builder":"off","_et_pb_old_content":"","_et_gb_content_width":"","footnotes":""},"categories":[4],"tags":[],"class_list":["post-3993","post","type-post","status-publish","format-standard","has-post-thumbnail","hentry","category-artigos","et-has-post-format-content","et_post_format-et-post-format-standard"],"_links":{"self":[{"href":"https:\/\/espiritualidade.carmelitas.pt\/boletim\/wp-json\/wp\/v2\/posts\/3993","targetHints":{"allow":["GET"]}}],"collection":[{"href":"https:\/\/espiritualidade.carmelitas.pt\/boletim\/wp-json\/wp\/v2\/posts"}],"about":[{"href":"https:\/\/espiritualidade.carmelitas.pt\/boletim\/wp-json\/wp\/v2\/types\/post"}],"author":[{"embeddable":true,"href":"https:\/\/espiritualidade.carmelitas.pt\/boletim\/wp-json\/wp\/v2\/users\/1"}],"replies":[{"embeddable":true,"href":"https:\/\/espiritualidade.carmelitas.pt\/boletim\/wp-json\/wp\/v2\/comments?post=3993"}],"version-history":[{"count":1,"href":"https:\/\/espiritualidade.carmelitas.pt\/boletim\/wp-json\/wp\/v2\/posts\/3993\/revisions"}],"predecessor-version":[{"id":3995,"href":"https:\/\/espiritualidade.carmelitas.pt\/boletim\/wp-json\/wp\/v2\/posts\/3993\/revisions\/3995"}],"wp:featuredmedia":[{"embeddable":true,"href":"https:\/\/espiritualidade.carmelitas.pt\/boletim\/wp-json\/wp\/v2\/media\/3994"}],"wp:attachment":[{"href":"https:\/\/espiritualidade.carmelitas.pt\/boletim\/wp-json\/wp\/v2\/media?parent=3993"}],"wp:term":[{"taxonomy":"category","embeddable":true,"href":"https:\/\/espiritualidade.carmelitas.pt\/boletim\/wp-json\/wp\/v2\/categories?post=3993"},{"taxonomy":"post_tag","embeddable":true,"href":"https:\/\/espiritualidade.carmelitas.pt\/boletim\/wp-json\/wp\/v2\/tags?post=3993"}],"curies":[{"name":"wp","href":"https:\/\/api.w.org\/{rel}","templated":true}]}}