{"id":3990,"date":"2024-12-31T02:22:00","date_gmt":"2024-12-31T02:22:00","guid":{"rendered":"https:\/\/espiritualidade.carmelitas.pt\/boletim\/?p=3990"},"modified":"2024-12-23T10:53:26","modified_gmt":"2024-12-23T10:53:26","slug":"da-amizade","status":"publish","type":"post","link":"https:\/\/espiritualidade.carmelitas.pt\/boletim\/da-amizade\/","title":{"rendered":"Da Amizade"},"content":{"rendered":"\n<p>Curso de Filosofia, Literatura e Espiritualidade, Lisboa, 20 de janeiro de 2025<\/p>\n\n\n\n<p>Entre 20 de janeiro e 5 de maio de 2025, a Capela do Rato promove a 10.\u00aa edi\u00e7\u00e3o do curso de Filosofia, Literatura e Espiritualidade, com o tema &#8220;Da Amizade&#8221;. Coordenado pela Professora Doutora Maria Lu\u00edsa Ribeiro Ferreira, o curso abordar\u00e1 obras e autores importantes, com chaves de leitura apresentadas por Conferencistas de refer\u00eancia da Cultura Portuguesa em 12 sess\u00f5es h\u00edbridas (presenciais e online), realizadas \u00e0s segundas-feiras, das 18h30 \u00e0s 20h00. A inscri\u00e7\u00e3o \u00e9 obrigat\u00f3ria e pode ser feita no site oficial. \uf320<\/p>\n","protected":false},"excerpt":{"rendered":"<p>Curso de Filosofia, Literatura e Espiritualidade, Lisboa, 20 de janeiro de 2025 Entre 20 de janeiro e 5 de maio de 2025, a Capela do Rato promove a 10.\u00aa edi\u00e7\u00e3o [&hellip;]<\/p>\n","protected":false},"author":1,"featured_media":3991,"comment_status":"closed","ping_status":"open","sticky":false,"template":"","format":"standard","meta":{"_et_pb_use_builder":"off","_et_pb_old_content":"","_et_gb_content_width":"","footnotes":""},"categories":[1],"tags":[],"class_list":["post-3990","post","type-post","status-publish","format-standard","has-post-thumbnail","hentry","category-cursos","et-has-post-format-content","et_post_format-et-post-format-standard"],"_links":{"self":[{"href":"https:\/\/espiritualidade.carmelitas.pt\/boletim\/wp-json\/wp\/v2\/posts\/3990","targetHints":{"allow":["GET"]}}],"collection":[{"href":"https:\/\/espiritualidade.carmelitas.pt\/boletim\/wp-json\/wp\/v2\/posts"}],"about":[{"href":"https:\/\/espiritualidade.carmelitas.pt\/boletim\/wp-json\/wp\/v2\/types\/post"}],"author":[{"embeddable":true,"href":"https:\/\/espiritualidade.carmelitas.pt\/boletim\/wp-json\/wp\/v2\/users\/1"}],"replies":[{"embeddable":true,"href":"https:\/\/espiritualidade.carmelitas.pt\/boletim\/wp-json\/wp\/v2\/comments?post=3990"}],"version-history":[{"count":1,"href":"https:\/\/espiritualidade.carmelitas.pt\/boletim\/wp-json\/wp\/v2\/posts\/3990\/revisions"}],"predecessor-version":[{"id":3992,"href":"https:\/\/espiritualidade.carmelitas.pt\/boletim\/wp-json\/wp\/v2\/posts\/3990\/revisions\/3992"}],"wp:featuredmedia":[{"embeddable":true,"href":"https:\/\/espiritualidade.carmelitas.pt\/boletim\/wp-json\/wp\/v2\/media\/3991"}],"wp:attachment":[{"href":"https:\/\/espiritualidade.carmelitas.pt\/boletim\/wp-json\/wp\/v2\/media?parent=3990"}],"wp:term":[{"taxonomy":"category","embeddable":true,"href":"https:\/\/espiritualidade.carmelitas.pt\/boletim\/wp-json\/wp\/v2\/categories?post=3990"},{"taxonomy":"post_tag","embeddable":true,"href":"https:\/\/espiritualidade.carmelitas.pt\/boletim\/wp-json\/wp\/v2\/tags?post=3990"}],"curies":[{"name":"wp","href":"https:\/\/api.w.org\/{rel}","templated":true}]}}