{"id":393,"date":"2017-06-18T13:14:16","date_gmt":"2017-06-18T13:14:16","guid":{"rendered":"http:\/\/espiritualidade.carmelitas.pt\/boletim\/?p=393"},"modified":"2017-06-18T13:14:16","modified_gmt":"2017-06-18T13:14:16","slug":"livro-lexico-de-espiritualidade-crista","status":"publish","type":"post","link":"https:\/\/espiritualidade.carmelitas.pt\/boletim\/livro-lexico-de-espiritualidade-crista\/","title":{"rendered":"Livro: L\u00e9xico de Espiritualidade crist\u00e3"},"content":{"rendered":"<p class=\"p1\"><i>Autor:<\/i><\/p>\n<p class=\"p1\">Alexandre Freire Duarte<\/p>\n<p class=\"p3\">\u00abA vida crist\u00e3 \u00e9 uma vida espiritual. Com isto, e como \u00e9 evidente, n\u00e3o se quer dizer que seja uma vida desencarnada, mas que ela \u00e9 uma vida no Esp\u00edrito Santo e segundo o Esp\u00edrito Santo. Sendo assim, a vida crist\u00e3 possui um conjunto de caracter\u00edsticas que, embora n\u00e3o a separem totalmente da dos demais seres humanos, a configuram e<span class=\"Apple-converted-space\">\u00a0 <\/span>distinguem. Caracter\u00edsticas que podem ser traduzidas por um conjunto de palavras.<\/p>\n<p class=\"p3\">Pois bem, como desejamos que este livro seja pequeno, decidimos restringir o n\u00famero de tais voc\u00e1bulos a setenta e um&#8230; O nosso objectivo \u00e9 o de oferecermos um breve conjunto de no\u00e7\u00f5es que permitam conhecer melhor o que \u00e9 a vida espiritual crist\u00e3\u00bb (<i>da Introdu\u00e7\u00e3o<\/i>).<\/p>\n","protected":false},"excerpt":{"rendered":"<p>Autor: Alexandre Freire Duarte \u00abA vida crist\u00e3 \u00e9 uma vida espiritual. Com isto, e como \u00e9 evidente, n\u00e3o se quer dizer que seja uma vida desencarnada, mas que ela \u00e9 [&hellip;]<\/p>\n","protected":false},"author":1,"featured_media":0,"comment_status":"closed","ping_status":"open","sticky":false,"template":"","format":"standard","meta":{"_et_pb_use_builder":"","_et_pb_old_content":"","_et_gb_content_width":"","footnotes":""},"categories":[8],"tags":[],"class_list":["post-393","post","type-post","status-publish","format-standard","hentry","category-livros","et-doesnt-have-format-content","et_post_format-et-post-format-standard"],"_links":{"self":[{"href":"https:\/\/espiritualidade.carmelitas.pt\/boletim\/wp-json\/wp\/v2\/posts\/393","targetHints":{"allow":["GET"]}}],"collection":[{"href":"https:\/\/espiritualidade.carmelitas.pt\/boletim\/wp-json\/wp\/v2\/posts"}],"about":[{"href":"https:\/\/espiritualidade.carmelitas.pt\/boletim\/wp-json\/wp\/v2\/types\/post"}],"author":[{"embeddable":true,"href":"https:\/\/espiritualidade.carmelitas.pt\/boletim\/wp-json\/wp\/v2\/users\/1"}],"replies":[{"embeddable":true,"href":"https:\/\/espiritualidade.carmelitas.pt\/boletim\/wp-json\/wp\/v2\/comments?post=393"}],"version-history":[{"count":1,"href":"https:\/\/espiritualidade.carmelitas.pt\/boletim\/wp-json\/wp\/v2\/posts\/393\/revisions"}],"predecessor-version":[{"id":394,"href":"https:\/\/espiritualidade.carmelitas.pt\/boletim\/wp-json\/wp\/v2\/posts\/393\/revisions\/394"}],"wp:attachment":[{"href":"https:\/\/espiritualidade.carmelitas.pt\/boletim\/wp-json\/wp\/v2\/media?parent=393"}],"wp:term":[{"taxonomy":"category","embeddable":true,"href":"https:\/\/espiritualidade.carmelitas.pt\/boletim\/wp-json\/wp\/v2\/categories?post=393"},{"taxonomy":"post_tag","embeddable":true,"href":"https:\/\/espiritualidade.carmelitas.pt\/boletim\/wp-json\/wp\/v2\/tags?post=393"}],"curies":[{"name":"wp","href":"https:\/\/api.w.org\/{rel}","templated":true}]}}