{"id":391,"date":"2017-06-18T13:13:46","date_gmt":"2017-06-18T13:13:46","guid":{"rendered":"http:\/\/espiritualidade.carmelitas.pt\/boletim\/?p=391"},"modified":"2017-06-18T13:13:46","modified_gmt":"2017-06-18T13:13:46","slug":"livro-sendo-rica-fez-se-pobre-vida-da-irma-maria-de-jesus","status":"publish","type":"post","link":"https:\/\/espiritualidade.carmelitas.pt\/boletim\/livro-sendo-rica-fez-se-pobre-vida-da-irma-maria-de-jesus\/","title":{"rendered":"Livro: Sendo rica fez-se pobre. Vida da Irm\u00e3 Maria de Jesus"},"content":{"rendered":"<p class=\"p1\"><i>Autor:<\/i><\/p>\n<p class=\"p1\">Ant\u00f3nio Jos\u00e9 Gomes Machado<\/p>\n<p class=\"p3\">\u00abAo celebrar a festa de Santa Teresa de Jesus, o Ant\u00f3nio Jos\u00e9 Machado, carmelita secular, oferece-nos a biografia da carmelita descal\u00e7a, Irm\u00e3 Maria de Jesus, no s\u00e9culo Marianna Ignez de Jesus de Mello da Silva da Fonseca de Sampaio, uma ilustre filha de Santa Teresa do Carmelo em Portugal, que nasceu nos alvores do S\u00e9c. XX, cruzou e participou nas suas grandes convuls\u00f5es mas tamb\u00e9m ajudou a desbravar os novos horizontes que durante ele se abriram. A Irm\u00e3 Maria de Jesus foi uma mulher que soube cultivar o desprendimento da fama e protagonismo que a sua condi\u00e7\u00e3o social, cultural e econ\u00f3mica lhe dava, para abra\u00e7ar a pobreza e a simplicidade de uma vida escondida com Cristo em Deus.<\/p>\n<p class=\"p3\">De uma vasta forma\u00e7\u00e3o cultural e religiosa, cultivada sobretudo na Inglaterra e na B\u00e9lgica, comprometeu-se com os grandes ideais evang\u00e9licos e teresianos. Foi Servita de Nossa Senhora de F\u00e1tima, l\u00edder da Ac\u00e7\u00e3o Cat\u00f3lica em Portugal, Fundadora do Carmelo do Porto e membro da comunidade fundadora do Carmelo de Faro, onde repousam os seus restos mortais. Al\u00e9m de irm\u00e3 no mesmo h\u00e1bito e profiss\u00e3o religiosa, foi tamb\u00e9m uma grande amiga dos Padres Carmelitas Descal\u00e7os, concretamente na funda\u00e7\u00e3o da nossa presen\u00e7a em Avessadas, Marco de Canaveses. A Prov\u00edncia Portuguesa deve-lhe muito\u00bb (<i>do Pref\u00e1cio<\/i>).<\/p>\n","protected":false},"excerpt":{"rendered":"<p>Autor: Ant\u00f3nio Jos\u00e9 Gomes Machado \u00abAo celebrar a festa de Santa Teresa de Jesus, o Ant\u00f3nio Jos\u00e9 Machado, carmelita secular, oferece-nos a biografia da carmelita descal\u00e7a, Irm\u00e3 Maria de Jesus, [&hellip;]<\/p>\n","protected":false},"author":1,"featured_media":0,"comment_status":"closed","ping_status":"open","sticky":false,"template":"","format":"standard","meta":{"_et_pb_use_builder":"","_et_pb_old_content":"","_et_gb_content_width":"","footnotes":""},"categories":[8],"tags":[],"class_list":["post-391","post","type-post","status-publish","format-standard","hentry","category-livros","et-doesnt-have-format-content","et_post_format-et-post-format-standard"],"_links":{"self":[{"href":"https:\/\/espiritualidade.carmelitas.pt\/boletim\/wp-json\/wp\/v2\/posts\/391","targetHints":{"allow":["GET"]}}],"collection":[{"href":"https:\/\/espiritualidade.carmelitas.pt\/boletim\/wp-json\/wp\/v2\/posts"}],"about":[{"href":"https:\/\/espiritualidade.carmelitas.pt\/boletim\/wp-json\/wp\/v2\/types\/post"}],"author":[{"embeddable":true,"href":"https:\/\/espiritualidade.carmelitas.pt\/boletim\/wp-json\/wp\/v2\/users\/1"}],"replies":[{"embeddable":true,"href":"https:\/\/espiritualidade.carmelitas.pt\/boletim\/wp-json\/wp\/v2\/comments?post=391"}],"version-history":[{"count":1,"href":"https:\/\/espiritualidade.carmelitas.pt\/boletim\/wp-json\/wp\/v2\/posts\/391\/revisions"}],"predecessor-version":[{"id":392,"href":"https:\/\/espiritualidade.carmelitas.pt\/boletim\/wp-json\/wp\/v2\/posts\/391\/revisions\/392"}],"wp:attachment":[{"href":"https:\/\/espiritualidade.carmelitas.pt\/boletim\/wp-json\/wp\/v2\/media?parent=391"}],"wp:term":[{"taxonomy":"category","embeddable":true,"href":"https:\/\/espiritualidade.carmelitas.pt\/boletim\/wp-json\/wp\/v2\/categories?post=391"},{"taxonomy":"post_tag","embeddable":true,"href":"https:\/\/espiritualidade.carmelitas.pt\/boletim\/wp-json\/wp\/v2\/tags?post=391"}],"curies":[{"name":"wp","href":"https:\/\/api.w.org\/{rel}","templated":true}]}}