{"id":3898,"date":"2024-09-30T02:23:00","date_gmt":"2024-09-30T02:23:00","guid":{"rendered":"https:\/\/espiritualidade.carmelitas.pt\/boletim\/?p=3898"},"modified":"2024-09-27T13:26:56","modified_gmt":"2024-09-27T13:26:56","slug":"curso-de-formacao-teologica-para-leigos","status":"publish","type":"post","link":"https:\/\/espiritualidade.carmelitas.pt\/boletim\/curso-de-formacao-teologica-para-leigos\/","title":{"rendered":"Curso de Forma\u00e7\u00e3o Teol\u00f3gica para Leigos"},"content":{"rendered":"\n<p><strong>Instituto Superior de Teologia de \u00c9vora<\/strong><\/p>\n\n\n\n<p>Com in\u00edcio a 10 de outubro, \u00e0s quintas-feiras, entre as 21h e as 23h, o Instituto Superior de Teologia de \u00c9vora vai promover um <a href=\"https:\/\/diocesedeevora.pt\/entre-2024-e-2027-no-instituto-superior-de-teologia-de-evora-curso-de-formacao-teologica-para-leigos-inscricoes-abertas-ate-8-de-outubro\/\">Curso de Forma\u00e7\u00e3o para Leigos<\/a>, com dura\u00e7\u00e3o de tr\u00eas anos, ou seja, 6 semestres. O curso tem como objetivos \u2013 proporcionar um maior conhecimento da B\u00edblia, o seu contexto hist\u00f3rico e geogr\u00e1fico, a hist\u00f3ria da forma\u00e7\u00e3o e formas de interpreta\u00e7\u00e3o; aproximar os participantes das principais mat\u00e9rias teol\u00f3gicas e seus conte\u00fados fundamentais e preparar os leigos para o exerc\u00edcio dos minist\u00e9rios laicais cada vez mais necess\u00e1rios nas comunidades crist\u00e3s. <\/p>\n","protected":false},"excerpt":{"rendered":"<p>Instituto Superior de Teologia de \u00c9vora Com in\u00edcio a 10 de outubro, \u00e0s quintas-feiras, entre as 21h e as 23h, o Instituto Superior de Teologia de \u00c9vora vai promover um [&hellip;]<\/p>\n","protected":false},"author":1,"featured_media":3899,"comment_status":"closed","ping_status":"open","sticky":false,"template":"","format":"standard","meta":{"_et_pb_use_builder":"off","_et_pb_old_content":"","_et_gb_content_width":"","footnotes":""},"categories":[1],"tags":[],"class_list":["post-3898","post","type-post","status-publish","format-standard","has-post-thumbnail","hentry","category-cursos","et-has-post-format-content","et_post_format-et-post-format-standard"],"_links":{"self":[{"href":"https:\/\/espiritualidade.carmelitas.pt\/boletim\/wp-json\/wp\/v2\/posts\/3898","targetHints":{"allow":["GET"]}}],"collection":[{"href":"https:\/\/espiritualidade.carmelitas.pt\/boletim\/wp-json\/wp\/v2\/posts"}],"about":[{"href":"https:\/\/espiritualidade.carmelitas.pt\/boletim\/wp-json\/wp\/v2\/types\/post"}],"author":[{"embeddable":true,"href":"https:\/\/espiritualidade.carmelitas.pt\/boletim\/wp-json\/wp\/v2\/users\/1"}],"replies":[{"embeddable":true,"href":"https:\/\/espiritualidade.carmelitas.pt\/boletim\/wp-json\/wp\/v2\/comments?post=3898"}],"version-history":[{"count":1,"href":"https:\/\/espiritualidade.carmelitas.pt\/boletim\/wp-json\/wp\/v2\/posts\/3898\/revisions"}],"predecessor-version":[{"id":3900,"href":"https:\/\/espiritualidade.carmelitas.pt\/boletim\/wp-json\/wp\/v2\/posts\/3898\/revisions\/3900"}],"wp:featuredmedia":[{"embeddable":true,"href":"https:\/\/espiritualidade.carmelitas.pt\/boletim\/wp-json\/wp\/v2\/media\/3899"}],"wp:attachment":[{"href":"https:\/\/espiritualidade.carmelitas.pt\/boletim\/wp-json\/wp\/v2\/media?parent=3898"}],"wp:term":[{"taxonomy":"category","embeddable":true,"href":"https:\/\/espiritualidade.carmelitas.pt\/boletim\/wp-json\/wp\/v2\/categories?post=3898"},{"taxonomy":"post_tag","embeddable":true,"href":"https:\/\/espiritualidade.carmelitas.pt\/boletim\/wp-json\/wp\/v2\/tags?post=3898"}],"curies":[{"name":"wp","href":"https:\/\/api.w.org\/{rel}","templated":true}]}}