{"id":3896,"date":"2024-09-30T02:22:00","date_gmt":"2024-09-30T02:22:00","guid":{"rendered":"https:\/\/espiritualidade.carmelitas.pt\/boletim\/?p=3896"},"modified":"2024-09-27T13:23:35","modified_gmt":"2024-09-27T13:23:35","slug":"celebracao-ecumenica-nacional","status":"publish","type":"post","link":"https:\/\/espiritualidade.carmelitas.pt\/boletim\/celebracao-ecumenica-nacional\/","title":{"rendered":"Celebra\u00e7\u00e3o Ecum\u00e9nica Nacional"},"content":{"rendered":"\n<p><strong>Lisboa, 4 e 5 de outubro<\/strong><\/p>\n\n\n\n<p>A Rede \u2018Cuidar da Casa Comum\u2019 vai assinalar o \u2018Tempo de Cria\u00e7\u00e3o 2024\u2019 e destaca a <a href=\"https:\/\/agencia.ecclesia.pt\/portal\/events\/portugal-celebracao-ecumenica-e-encontro-tambem-somos-terra-marcam-tempo-de-criacao-2024\/\">Celebra\u00e7\u00e3o Ecum\u00e9nica Nacional,<\/a> o Encontro \u2018Tamb\u00e9m Somos Terra!\u2019 e a \u2018Feira da Cria\u00e7\u00e3o\u2019, nos dias 4 e 5 de outubro, em Lisboa. A Associa\u00e7\u00e3o R3C \u2013 Rede Cuidar da Casa Comum (CCC) \u2013 vai assinalar o \u2018Tempo de Cria\u00e7\u00e3o 2024\u2019 com diversas atividades e destaca a Celebra\u00e7\u00e3o Ecum\u00e9nica Nacional, no dia 4 de outubro, \u00e0s 21h00, na igreja de Nossa Senhora dos Navegantes, no Parque das Na\u00e7\u00f5es, em Lisboa. No dia seguinte, 5 de outubro dinamiza o encontro anual \u2018Tamb\u00e9m Somos Terra!, que inclui uma conversa sobre o tema \u2018A quest\u00e3o ecol\u00f3gica como lugar teol\u00f3gico\u2019, e uma \u2018Feira da Cria\u00e7\u00e3o\u2019, com confer\u00eancias, oficinas, testemunhos, caminhadas, exposi\u00e7\u00f5es, como o resultado da Maratona de Fotografia sobre os \u2018Objetivos Laudato Si\u2019, iniciativas para as crian\u00e7as, os jovens, e as fam\u00edlias. <\/p>\n","protected":false},"excerpt":{"rendered":"<p>Lisboa, 4 e 5 de outubro A Rede \u2018Cuidar da Casa Comum\u2019 vai assinalar o \u2018Tempo de Cria\u00e7\u00e3o 2024\u2019 e destaca a Celebra\u00e7\u00e3o Ecum\u00e9nica Nacional, o Encontro \u2018Tamb\u00e9m Somos Terra!\u2019 [&hellip;]<\/p>\n","protected":false},"author":1,"featured_media":3885,"comment_status":"closed","ping_status":"open","sticky":false,"template":"","format":"standard","meta":{"_et_pb_use_builder":"off","_et_pb_old_content":"","_et_gb_content_width":"","footnotes":""},"categories":[14],"tags":[],"class_list":["post-3896","post","type-post","status-publish","format-standard","has-post-thumbnail","hentry","category-oracao","et-has-post-format-content","et_post_format-et-post-format-standard"],"_links":{"self":[{"href":"https:\/\/espiritualidade.carmelitas.pt\/boletim\/wp-json\/wp\/v2\/posts\/3896","targetHints":{"allow":["GET"]}}],"collection":[{"href":"https:\/\/espiritualidade.carmelitas.pt\/boletim\/wp-json\/wp\/v2\/posts"}],"about":[{"href":"https:\/\/espiritualidade.carmelitas.pt\/boletim\/wp-json\/wp\/v2\/types\/post"}],"author":[{"embeddable":true,"href":"https:\/\/espiritualidade.carmelitas.pt\/boletim\/wp-json\/wp\/v2\/users\/1"}],"replies":[{"embeddable":true,"href":"https:\/\/espiritualidade.carmelitas.pt\/boletim\/wp-json\/wp\/v2\/comments?post=3896"}],"version-history":[{"count":1,"href":"https:\/\/espiritualidade.carmelitas.pt\/boletim\/wp-json\/wp\/v2\/posts\/3896\/revisions"}],"predecessor-version":[{"id":3897,"href":"https:\/\/espiritualidade.carmelitas.pt\/boletim\/wp-json\/wp\/v2\/posts\/3896\/revisions\/3897"}],"wp:featuredmedia":[{"embeddable":true,"href":"https:\/\/espiritualidade.carmelitas.pt\/boletim\/wp-json\/wp\/v2\/media\/3885"}],"wp:attachment":[{"href":"https:\/\/espiritualidade.carmelitas.pt\/boletim\/wp-json\/wp\/v2\/media?parent=3896"}],"wp:term":[{"taxonomy":"category","embeddable":true,"href":"https:\/\/espiritualidade.carmelitas.pt\/boletim\/wp-json\/wp\/v2\/categories?post=3896"},{"taxonomy":"post_tag","embeddable":true,"href":"https:\/\/espiritualidade.carmelitas.pt\/boletim\/wp-json\/wp\/v2\/tags?post=3896"}],"curies":[{"name":"wp","href":"https:\/\/api.w.org\/{rel}","templated":true}]}}