{"id":387,"date":"2017-06-18T13:12:41","date_gmt":"2017-06-18T13:12:41","guid":{"rendered":"http:\/\/espiritualidade.carmelitas.pt\/boletim\/?p=387"},"modified":"2017-06-18T13:12:41","modified_gmt":"2017-06-18T13:12:41","slug":"peregrinacao-nacional-a-fatima-e-musical","status":"publish","type":"post","link":"https:\/\/espiritualidade.carmelitas.pt\/boletim\/peregrinacao-nacional-a-fatima-e-musical\/","title":{"rendered":"Peregrina\u00e7\u00e3o nacional a F\u00e1tima e musical"},"content":{"rendered":"<p class=\"p2\"><b><i>F\u00e1tima, 17 e 18 de Outubro de 2015<\/i><\/b><\/p>\n<p class=\"p2\"><b>A par do congresso de espiritualidade, realizar-se-\u00e1 a peregrina\u00e7\u00e3o teresiana a F\u00e1tima e um musical dedicado a Santa Teresa (p\u00e1g. 3).<\/b><\/p>\n<p class=\"p5\"><i>17 de Outubro<\/i><\/p>\n<p class=\"p2\">\u2013 15h00: Missa no Carmelo de S. Jos\u00e9<\/p>\n<p class=\"p2\">\u2013 17h00: Via Sacra<\/p>\n<p class=\"p2\">\u2013 19h30: Jantar<\/p>\n<p class=\"p2\"><span class=\"s2\">\u2013 21h30: Ter\u00e7o e Prociss\u00e3o de Velas no recinto<\/span><\/p>\n<p class=\"p2\">\u2013 22h30: Descanso<\/p>\n<p class=\"p5\"><i>18 de Outubro<\/i><\/p>\n<p class=\"p2\">\u2013 10h00: Ros\u00e1rio na Capelinha<\/p>\n<p class=\"p2\">\u2013 11h00: Eucaristia no recinto<\/p>\n<p class=\"p2\">\u2013 13h00: Almo\u00e7o<\/p>\n<p class=\"p2\">\u2013 15h00: Musical Teresiano (Centro Paulo VI)<\/p>\n<p class=\"p2\">\u2013 16h30: Encerramento<\/p>\n","protected":false},"excerpt":{"rendered":"<p>F\u00e1tima, 17 e 18 de Outubro de 2015 A par do congresso de espiritualidade, realizar-se-\u00e1 a peregrina\u00e7\u00e3o teresiana a F\u00e1tima e um musical dedicado a Santa Teresa (p\u00e1g. 3). 17 [&hellip;]<\/p>\n","protected":false},"author":1,"featured_media":0,"comment_status":"closed","ping_status":"open","sticky":false,"template":"","format":"standard","meta":{"_et_pb_use_builder":"","_et_pb_old_content":"","_et_gb_content_width":"","footnotes":""},"categories":[16],"tags":[],"class_list":["post-387","post","type-post","status-publish","format-standard","hentry","category-peregrinacao","et-doesnt-have-format-content","et_post_format-et-post-format-standard"],"_links":{"self":[{"href":"https:\/\/espiritualidade.carmelitas.pt\/boletim\/wp-json\/wp\/v2\/posts\/387","targetHints":{"allow":["GET"]}}],"collection":[{"href":"https:\/\/espiritualidade.carmelitas.pt\/boletim\/wp-json\/wp\/v2\/posts"}],"about":[{"href":"https:\/\/espiritualidade.carmelitas.pt\/boletim\/wp-json\/wp\/v2\/types\/post"}],"author":[{"embeddable":true,"href":"https:\/\/espiritualidade.carmelitas.pt\/boletim\/wp-json\/wp\/v2\/users\/1"}],"replies":[{"embeddable":true,"href":"https:\/\/espiritualidade.carmelitas.pt\/boletim\/wp-json\/wp\/v2\/comments?post=387"}],"version-history":[{"count":1,"href":"https:\/\/espiritualidade.carmelitas.pt\/boletim\/wp-json\/wp\/v2\/posts\/387\/revisions"}],"predecessor-version":[{"id":388,"href":"https:\/\/espiritualidade.carmelitas.pt\/boletim\/wp-json\/wp\/v2\/posts\/387\/revisions\/388"}],"wp:attachment":[{"href":"https:\/\/espiritualidade.carmelitas.pt\/boletim\/wp-json\/wp\/v2\/media?parent=387"}],"wp:term":[{"taxonomy":"category","embeddable":true,"href":"https:\/\/espiritualidade.carmelitas.pt\/boletim\/wp-json\/wp\/v2\/categories?post=387"},{"taxonomy":"post_tag","embeddable":true,"href":"https:\/\/espiritualidade.carmelitas.pt\/boletim\/wp-json\/wp\/v2\/tags?post=387"}],"curies":[{"name":"wp","href":"https:\/\/api.w.org\/{rel}","templated":true}]}}