{"id":385,"date":"2017-06-18T13:12:12","date_gmt":"2017-06-18T13:12:12","guid":{"rendered":"http:\/\/espiritualidade.carmelitas.pt\/boletim\/?p=385"},"modified":"2017-06-18T13:12:12","modified_gmt":"2017-06-18T13:12:12","slug":"teresa-tema-por-tema","status":"publish","type":"post","link":"https:\/\/espiritualidade.carmelitas.pt\/boletim\/teresa-tema-por-tema\/","title":{"rendered":"Teresa, tema por tema"},"content":{"rendered":"<p class=\"p3\">O site <a href=\"http:\/\/www.teresavila.com\">teresavila.com<\/a>, um projecto realizado pela Editorial Monte Carmelo (Espanha) e onde se encontram digitalizados os manuscritos de Santa Teresa de Jesus, estreou uma nova sec\u00e7\u00e3o intitulada \u201cTeresa, tema por tema\u201d. Trata-se de uma vers\u00e3o digital da obra de P. Tom\u00e1s \u00c1lvarez, 100 fichas sobre Santa Teresa, publicado tamb\u00e9m por esta editora. Esta obra tem como principal objectivo aprofundar o conhecimento da sua pessoa e facilitar a leitura compreensiva dos seus escritos. Cont\u00e9m 30 fichas sobre o contexto da figura de Teresa; 30 fichas sobre a sua obra; 30 fichas sobre os seus escritos e 10 fichas sobre o doutoramento. Esta \u00faltima sec\u00e7\u00e3o est\u00e1 aberta a um pr\u00f3ximo estudo<span class=\"Apple-converted-space\">\u00a0 <\/span>de confronta\u00e7\u00e3o entre o magist\u00e9rio da Santa de \u00c1vila e o pensamento religioso na actualidade.<\/p>\n<p class=\"p3\">Visite o site em: http:\/\/teresavila.com<\/p>\n","protected":false},"excerpt":{"rendered":"<p>O site teresavila.com, um projecto realizado pela Editorial Monte Carmelo (Espanha) e onde se encontram digitalizados os manuscritos de Santa Teresa de Jesus, estreou uma nova sec\u00e7\u00e3o intitulada \u201cTeresa, tema [&hellip;]<\/p>\n","protected":false},"author":1,"featured_media":0,"comment_status":"closed","ping_status":"open","sticky":false,"template":"","format":"standard","meta":{"_et_pb_use_builder":"","_et_pb_old_content":"","_et_gb_content_width":"","footnotes":""},"categories":[13],"tags":[],"class_list":["post-385","post","type-post","status-publish","format-standard","hentry","category-divulgacao","et-doesnt-have-format-content","et_post_format-et-post-format-standard"],"_links":{"self":[{"href":"https:\/\/espiritualidade.carmelitas.pt\/boletim\/wp-json\/wp\/v2\/posts\/385","targetHints":{"allow":["GET"]}}],"collection":[{"href":"https:\/\/espiritualidade.carmelitas.pt\/boletim\/wp-json\/wp\/v2\/posts"}],"about":[{"href":"https:\/\/espiritualidade.carmelitas.pt\/boletim\/wp-json\/wp\/v2\/types\/post"}],"author":[{"embeddable":true,"href":"https:\/\/espiritualidade.carmelitas.pt\/boletim\/wp-json\/wp\/v2\/users\/1"}],"replies":[{"embeddable":true,"href":"https:\/\/espiritualidade.carmelitas.pt\/boletim\/wp-json\/wp\/v2\/comments?post=385"}],"version-history":[{"count":1,"href":"https:\/\/espiritualidade.carmelitas.pt\/boletim\/wp-json\/wp\/v2\/posts\/385\/revisions"}],"predecessor-version":[{"id":386,"href":"https:\/\/espiritualidade.carmelitas.pt\/boletim\/wp-json\/wp\/v2\/posts\/385\/revisions\/386"}],"wp:attachment":[{"href":"https:\/\/espiritualidade.carmelitas.pt\/boletim\/wp-json\/wp\/v2\/media?parent=385"}],"wp:term":[{"taxonomy":"category","embeddable":true,"href":"https:\/\/espiritualidade.carmelitas.pt\/boletim\/wp-json\/wp\/v2\/categories?post=385"},{"taxonomy":"post_tag","embeddable":true,"href":"https:\/\/espiritualidade.carmelitas.pt\/boletim\/wp-json\/wp\/v2\/tags?post=385"}],"curies":[{"name":"wp","href":"https:\/\/api.w.org\/{rel}","templated":true}]}}