{"id":383,"date":"2017-06-18T13:11:19","date_gmt":"2017-06-18T13:11:19","guid":{"rendered":"http:\/\/espiritualidade.carmelitas.pt\/boletim\/?p=383"},"modified":"2017-06-18T13:11:19","modified_gmt":"2017-06-18T13:11:19","slug":"universidade-lusofona-propoe-mestrado-em-ciencia-das-religioes","status":"publish","type":"post","link":"https:\/\/espiritualidade.carmelitas.pt\/boletim\/universidade-lusofona-propoe-mestrado-em-ciencia-das-religioes\/","title":{"rendered":"Universidade Lus\u00f3fona prop\u00f5e mestrado em Ci\u00eancia das Religi\u00f5es"},"content":{"rendered":"<p class=\"p3\"><span class=\"s2\">A Universidade Lus\u00f3fona abriu as candidaturas para o mestrado em Ci\u00eancia das Religi\u00f5es, que tem como \u00abobjectivo principal a pesquisa sobre a multiplicidade do fen\u00f3meno religioso, numa total liberdade de pesquisa e de respeito\u00bb. A forma\u00e7\u00e3o de quatro semestres, ministrada atrav\u00e9s da Faculdade de Ci\u00eancias Sociais, Educa\u00e7\u00e3o e Administra\u00e7\u00e3o, apresenta-se como a \u00ab\u00fanica \u00e1rea\u00bb no \u00abcampo do Fen\u00f3meno Religioso com total isen\u00e7\u00e3o, imparcialidade e n\u00e3o confessionalidade em Portugal\u00bb, refere a p\u00e1gina do curso. A candidatura para a frequ\u00eancia de disciplinas em regime avulso pode ser realizada em qualquer momento do ano lectivo, mas a frequ\u00eancia de disciplinas em regime de avalia\u00e7\u00e3o cont\u00ednua (120 cr\u00e9ditos ECTS), exige que os estudantes as frequentem desde o inicio do semestre.<\/span><\/p>\n","protected":false},"excerpt":{"rendered":"<p>A Universidade Lus\u00f3fona abriu as candidaturas para o mestrado em Ci\u00eancia das Religi\u00f5es, que tem como \u00abobjectivo principal a pesquisa sobre a multiplicidade do fen\u00f3meno religioso, numa total liberdade de [&hellip;]<\/p>\n","protected":false},"author":1,"featured_media":0,"comment_status":"closed","ping_status":"open","sticky":false,"template":"","format":"standard","meta":{"_et_pb_use_builder":"","_et_pb_old_content":"","_et_gb_content_width":"","footnotes":""},"categories":[1],"tags":[],"class_list":["post-383","post","type-post","status-publish","format-standard","hentry","category-cursos","et-doesnt-have-format-content","et_post_format-et-post-format-standard"],"_links":{"self":[{"href":"https:\/\/espiritualidade.carmelitas.pt\/boletim\/wp-json\/wp\/v2\/posts\/383","targetHints":{"allow":["GET"]}}],"collection":[{"href":"https:\/\/espiritualidade.carmelitas.pt\/boletim\/wp-json\/wp\/v2\/posts"}],"about":[{"href":"https:\/\/espiritualidade.carmelitas.pt\/boletim\/wp-json\/wp\/v2\/types\/post"}],"author":[{"embeddable":true,"href":"https:\/\/espiritualidade.carmelitas.pt\/boletim\/wp-json\/wp\/v2\/users\/1"}],"replies":[{"embeddable":true,"href":"https:\/\/espiritualidade.carmelitas.pt\/boletim\/wp-json\/wp\/v2\/comments?post=383"}],"version-history":[{"count":1,"href":"https:\/\/espiritualidade.carmelitas.pt\/boletim\/wp-json\/wp\/v2\/posts\/383\/revisions"}],"predecessor-version":[{"id":384,"href":"https:\/\/espiritualidade.carmelitas.pt\/boletim\/wp-json\/wp\/v2\/posts\/383\/revisions\/384"}],"wp:attachment":[{"href":"https:\/\/espiritualidade.carmelitas.pt\/boletim\/wp-json\/wp\/v2\/media?parent=383"}],"wp:term":[{"taxonomy":"category","embeddable":true,"href":"https:\/\/espiritualidade.carmelitas.pt\/boletim\/wp-json\/wp\/v2\/categories?post=383"},{"taxonomy":"post_tag","embeddable":true,"href":"https:\/\/espiritualidade.carmelitas.pt\/boletim\/wp-json\/wp\/v2\/tags?post=383"}],"curies":[{"name":"wp","href":"https:\/\/api.w.org\/{rel}","templated":true}]}}