{"id":381,"date":"2017-06-18T13:10:37","date_gmt":"2017-06-18T13:10:37","guid":{"rendered":"http:\/\/espiritualidade.carmelitas.pt\/boletim\/?p=381"},"modified":"2017-06-18T13:10:54","modified_gmt":"2017-06-18T13:10:54","slug":"etica-e-espiritualidade","status":"publish","type":"post","link":"https:\/\/espiritualidade.carmelitas.pt\/boletim\/etica-e-espiritualidade\/","title":{"rendered":"\u00c9tica e espiritualidade"},"content":{"rendered":"<p class=\"p3\">A partir do 7 de Outubro, o Centro de Forma\u00e7\u00e3o e Cultura da diocese de Leiria-F\u00e1tima vai contar, pela primeira vez, com um ciclo de estudos de \u00e9tica e espiritualidade, enquadrado no Ano da Miseric\u00f3rdia.<\/p>\n<p class=\"p3\">O novo ciclo, intitulado \u201cCuidar (n)as fronteiras da vida\u201d, come\u00e7a por centrar-se numa \u00ableitura crist\u00e3 da condi\u00e7\u00e3o da vida humana, dom fr\u00e1gil, cujas fronteiras interpelam a uma resposta \u00e9tica\u00bb que \u00abdistancie do absurdo do sofrimento\u00bb e conduza \u00abao cuidado do outro como \u00fanico jeito de ser verdadeiramente aut\u00eantico\u00bb.<\/p>\n<p class=\"p3\">Na segunda fase do curso, \u00abo olhar foca-se em alguns dos desafios \u00e9ticos com que a pr\u00e1tica do cuidado se debate, particularmente na \u00e1rea da sa\u00fade, evidenciando-se nesses cruzamentos \u00e9ticos a relev\u00e2ncia da dimens\u00e3o espiritual no acompanhamento dos mais vulner\u00e1veis e a dimens\u00e3o verdadeiramente hol\u00edstica do cuidado\u00bb.<\/p>\n<p class=\"p3\">Divididas em tr\u00eas m\u00f3dulos, as seis sess\u00f5es, que decorrem de outubro a janeiro de 2016, abrangem mat\u00e9rias como \u201cCuidar do corpo e da alma: representa\u00e7\u00f5es de um tema transversal \u00e0 hist\u00f3ria do cristianismo\u201d, \u201cQuestionar o sofrimento: a li\u00e7\u00e3o de Job\u201d, \u201cO cuidado, lugar fr\u00e1gil\u201d, \u201cQue lugar para a espiritualidade nos cuidados de sa\u00fade\u201d, e \u201cCuidar do cuidador (fr\u00e1gil): Elementos para uma espiritualidade do cuidado\u201d.<\/p>\n<p class=\"p3\">Mais informa\u00e7\u00f5es em: http:\/\/leiria-fatima.pt<\/p>\n","protected":false},"excerpt":{"rendered":"<p>A partir do 7 de Outubro, o Centro de Forma\u00e7\u00e3o e Cultura da diocese de Leiria-F\u00e1tima vai contar, pela primeira vez, com um ciclo de estudos de \u00e9tica e espiritualidade, [&hellip;]<\/p>\n","protected":false},"author":1,"featured_media":0,"comment_status":"closed","ping_status":"open","sticky":false,"template":"","format":"standard","meta":{"_et_pb_use_builder":"","_et_pb_old_content":"","_et_gb_content_width":"","footnotes":""},"categories":[12],"tags":[],"class_list":["post-381","post","type-post","status-publish","format-standard","hentry","category-congressos","et-doesnt-have-format-content","et_post_format-et-post-format-standard"],"_links":{"self":[{"href":"https:\/\/espiritualidade.carmelitas.pt\/boletim\/wp-json\/wp\/v2\/posts\/381","targetHints":{"allow":["GET"]}}],"collection":[{"href":"https:\/\/espiritualidade.carmelitas.pt\/boletim\/wp-json\/wp\/v2\/posts"}],"about":[{"href":"https:\/\/espiritualidade.carmelitas.pt\/boletim\/wp-json\/wp\/v2\/types\/post"}],"author":[{"embeddable":true,"href":"https:\/\/espiritualidade.carmelitas.pt\/boletim\/wp-json\/wp\/v2\/users\/1"}],"replies":[{"embeddable":true,"href":"https:\/\/espiritualidade.carmelitas.pt\/boletim\/wp-json\/wp\/v2\/comments?post=381"}],"version-history":[{"count":1,"href":"https:\/\/espiritualidade.carmelitas.pt\/boletim\/wp-json\/wp\/v2\/posts\/381\/revisions"}],"predecessor-version":[{"id":382,"href":"https:\/\/espiritualidade.carmelitas.pt\/boletim\/wp-json\/wp\/v2\/posts\/381\/revisions\/382"}],"wp:attachment":[{"href":"https:\/\/espiritualidade.carmelitas.pt\/boletim\/wp-json\/wp\/v2\/media?parent=381"}],"wp:term":[{"taxonomy":"category","embeddable":true,"href":"https:\/\/espiritualidade.carmelitas.pt\/boletim\/wp-json\/wp\/v2\/categories?post=381"},{"taxonomy":"post_tag","embeddable":true,"href":"https:\/\/espiritualidade.carmelitas.pt\/boletim\/wp-json\/wp\/v2\/tags?post=381"}],"curies":[{"name":"wp","href":"https:\/\/api.w.org\/{rel}","templated":true}]}}