{"id":3807,"date":"2024-06-30T03:10:00","date_gmt":"2024-06-30T03:10:00","guid":{"rendered":"https:\/\/espiritualidade.carmelitas.pt\/boletim\/?p=3807"},"modified":"2024-06-27T08:13:29","modified_gmt":"2024-06-27T08:13:29","slug":"tres-perguntas-e-mais-uma","status":"publish","type":"post","link":"https:\/\/espiritualidade.carmelitas.pt\/boletim\/tres-perguntas-e-mais-uma\/","title":{"rendered":"Tr\u00eas perguntas e\u2026 mais uma"},"content":{"rendered":"\n<p><strong>\u00abEste livro \u00e9 para ser lido pelos que sabem que o final do caminho \u00e9 o C\u00e9u.\u00bb<\/strong><\/p>\n\n\n\n<ol class=\"wp-block-list\">\n<li>Boa tarde, Frei Marco. Fala-me do teu \u00faltimo livro. Porque \u00e9 que o intitulaste: \u00ab<a href=\"https:\/\/carmelo.pt\/inicio\/462-teresa-menino-jesus-profetisa-amor-deus.html\">Teresa do Menino Jesus: Profetisa do Amor de Deus<\/a>\u00bb?<br>Sabes que a din\u00e2mica da vida em Deus se revela no AMOR que Ele nos tem. Teresinha revela-nos isso no seu Pequeno Caminho de Amor Misericordioso que Deus que lhe manifestou; e que ela nos manifestou, porque a sua voca\u00e7\u00e3o era ser amor na Igreja. Esta voca\u00e7\u00e3o \u00e9 cumprimento das palavras do seu amado Jesus: \u00ab\u00c9 este o meu mandamento: que vos ameis uns aos outros como Eu vos amei\u00bb. Uma voca\u00e7\u00e3o assim s\u00f3 pode ser exigente. Por isso e apesar das nossas fragilidades, medos e fadigas, tamb\u00e9m n\u00f3s somos chamados a entrar em rela\u00e7\u00e3o eterna de amor com Deus e devolv\u00ea-lo \u00e0 humanidade.<br>Por outro lado, as palavras n\u00e3o conseguem explicar este amor vivido, que se revela em movimentos concretos como a ternura, a esperan\u00e7a e a miseric\u00f3rdia. No meu caso, por sentir, nas rela\u00e7\u00f5es pessoais e nas realidades que o mundo me d\u00e1 a conhecer, a car\u00eancia dos afetos, da miseric\u00f3rdia, de cuidado e de respeito entre a pessoas, escolhi Santa Teresa do Menino Jesus e da Santa Face para partilhar convosco esta \u00abFonte que mana e corre\u00bb que \u00e9 a espiritualidade de Teresinha ensinando-nos a ser profetas do Amor de Deus.<\/li>\n\n\n\n<li>Quem \u00e9 Santa Teresinha para ti?<br>Foi quem me ensinou a usar ativamente a minha fidelidade criativa \u2013 que \u00e9 um dom de Deus \u2013, como um instrumento de miseric\u00f3rdia orientado pelas divinas m\u00e3os, vivendo a minha f\u00e9 de modo amoroso e desafiando aqueles que n\u00e3o compreendem esta\u00a0alegre d\u00e1diva quotidiana.<\/li>\n\n\n\n<li>Na minha dedicat\u00f3ria, escreveste assim: \u00abPara que Teresinha te ensine a apresentares-te diante de Deus de \u2018m\u00e3os vazias\u2019\u00bb. Que querias dizer?<br>Que tudo \u00e9 de Deus, nada \u00e9 nosso. O amor com que amamos \u00e9-nos dado por Ele. Por outro lado, que com Deus tudo \u00e9 poss\u00edvel, sem Ele nada \u00e9 poss\u00edvel. O maior perigo \u00e9 pensarmos \u00abque somos o maior da nossa rua\u00bb!<br>Por isso, sempre devemos trabalhar para o outro, e n\u00e3o para o eu. Este perigo est\u00e1 sempre presente. \u00c9 preciso estar-se vigilante e ter presente que n\u00f3s n\u00e3o temos nada, somos \u00abm\u00e3os vazias\u00bb, Deus \u00e9 que nos d\u00e1 TUDO.<\/li>\n\n\n\n<li>e\u2026 4. Quem \u00e9 que deveria ler este livro?<br>Entendo que deveriam l\u00ea-lo todos que, mesmo seguindo caminhos diferentes do meu, sabem que o \u00abfinal de ambos ser\u00e1 o C\u00e9u\u00bb, para aprenderem que a centralidade do Amor comunica a verdadeira liberdade que conduz \u00e0 maturidade da identidade crist\u00e3.<br>Numa humanidade cheia de ansiedades e de receios, este livro orienta-nos para a confian\u00e7a e o abandono em Jesus Cristo, que supera todos os medos. Procuro alertar para o realismo espiritual e evang\u00e9lico, para sermos, tamb\u00e9m n\u00f3s, profetas do Amor de Deus, presente, pr\u00f3ximo e libertador.<br>Este livro procura ensinar que a nossa meta \u00e9 chegar a fazer a experi\u00eancia pessoal com Deus Miseric\u00f3rdia e, a partir dessa experi\u00eancia, iniciarmos um movimento de mudan\u00e7a de vida, procurando encontrarmo-nos na totalidade da Sua pessoa.<\/li>\n<\/ol>\n","protected":false},"excerpt":{"rendered":"<p>\u00abEste livro \u00e9 para ser lido pelos que sabem que o final do caminho \u00e9 o C\u00e9u.\u00bb<\/p>\n","protected":false},"author":1,"featured_media":3796,"comment_status":"closed","ping_status":"open","sticky":false,"template":"","format":"standard","meta":{"_et_pb_use_builder":"off","_et_pb_old_content":"","_et_gb_content_width":"","footnotes":""},"categories":[8],"tags":[],"class_list":["post-3807","post","type-post","status-publish","format-standard","has-post-thumbnail","hentry","category-livros","et-has-post-format-content","et_post_format-et-post-format-standard"],"_links":{"self":[{"href":"https:\/\/espiritualidade.carmelitas.pt\/boletim\/wp-json\/wp\/v2\/posts\/3807","targetHints":{"allow":["GET"]}}],"collection":[{"href":"https:\/\/espiritualidade.carmelitas.pt\/boletim\/wp-json\/wp\/v2\/posts"}],"about":[{"href":"https:\/\/espiritualidade.carmelitas.pt\/boletim\/wp-json\/wp\/v2\/types\/post"}],"author":[{"embeddable":true,"href":"https:\/\/espiritualidade.carmelitas.pt\/boletim\/wp-json\/wp\/v2\/users\/1"}],"replies":[{"embeddable":true,"href":"https:\/\/espiritualidade.carmelitas.pt\/boletim\/wp-json\/wp\/v2\/comments?post=3807"}],"version-history":[{"count":1,"href":"https:\/\/espiritualidade.carmelitas.pt\/boletim\/wp-json\/wp\/v2\/posts\/3807\/revisions"}],"predecessor-version":[{"id":3808,"href":"https:\/\/espiritualidade.carmelitas.pt\/boletim\/wp-json\/wp\/v2\/posts\/3807\/revisions\/3808"}],"wp:featuredmedia":[{"embeddable":true,"href":"https:\/\/espiritualidade.carmelitas.pt\/boletim\/wp-json\/wp\/v2\/media\/3796"}],"wp:attachment":[{"href":"https:\/\/espiritualidade.carmelitas.pt\/boletim\/wp-json\/wp\/v2\/media?parent=3807"}],"wp:term":[{"taxonomy":"category","embeddable":true,"href":"https:\/\/espiritualidade.carmelitas.pt\/boletim\/wp-json\/wp\/v2\/categories?post=3807"},{"taxonomy":"post_tag","embeddable":true,"href":"https:\/\/espiritualidade.carmelitas.pt\/boletim\/wp-json\/wp\/v2\/tags?post=3807"}],"curies":[{"name":"wp","href":"https:\/\/api.w.org\/{rel}","templated":true}]}}