{"id":378,"date":"2017-06-18T13:09:07","date_gmt":"2017-06-18T13:09:07","guid":{"rendered":"http:\/\/espiritualidade.carmelitas.pt\/boletim\/?p=378"},"modified":"2017-06-18T13:09:43","modified_gmt":"2017-06-18T13:09:43","slug":"livro-ensinar-as-criancas-a-rezar","status":"publish","type":"post","link":"https:\/\/espiritualidade.carmelitas.pt\/boletim\/livro-ensinar-as-criancas-a-rezar\/","title":{"rendered":"Livro: Ensinar as crian\u00e7as a rezar"},"content":{"rendered":"<p class=\"p3\">Tradicionalmente, nas fam\u00edlias rezava-se e ensinava-se a rezar de forma muito natural e espont\u00e2nea. A ora\u00e7\u00e3o fazia parte do quotidiano familiar e assim passava de gera\u00e7\u00e3o em gera\u00e7\u00e3o. Hoje verificam-se rupturas. H\u00e1 falta de continuidade no processo de transmiss\u00e3o de uma tradi\u00e7\u00e3o orante. Muitas crian\u00e7as aprendem a orar porque t\u00eam a felicidade de terem uns av\u00f3s que as ensinem. Alguns pais descobrem o valor da ora\u00e7\u00e3o mas n\u00e3o sabem como ensinar os seus filhos a rezar. Tendo em conta esta necessidade, as Edi\u00e7\u00f5es Carmelo publicaram este pr\u00e1tico e colorido livro com o objectivo de ajudar os pais e outros educadores a \u00abEnsinar as crian\u00e7as a rezar\u00bb. Fala-nos da import\u00e2ncia e da riqueza da ora\u00e7\u00e3o na vida da crian\u00e7a desde a mais tenra idade. Recorda-nos como ela \u00e9 sens\u00edvel aos s\u00edmbolos, aos gestos, \u00e0s imagens, \u00e0s posturas dos adultos em ora\u00e7\u00e3o. Deixa uns conselhos muito concretos para introduzir as crian\u00e7as neste trato amigo com Jesus e termina com umas ora\u00e7\u00f5es que toda a crian\u00e7a faz facilmente suas.<\/p>\n<p class=\"p3\">Mais informa\u00e7\u00f5es em: www.carmelo.pt ou pelo telefone 255 531 354.<\/p>\n","protected":false},"excerpt":{"rendered":"<p>Tradicionalmente, nas fam\u00edlias rezava-se e ensinava-se a rezar de forma muito natural e espont\u00e2nea. A ora\u00e7\u00e3o fazia parte do quotidiano familiar e assim passava de gera\u00e7\u00e3o em gera\u00e7\u00e3o. Hoje verificam-se [&hellip;]<\/p>\n","protected":false},"author":1,"featured_media":0,"comment_status":"closed","ping_status":"open","sticky":false,"template":"","format":"standard","meta":{"_et_pb_use_builder":"","_et_pb_old_content":"","_et_gb_content_width":"","footnotes":""},"categories":[8],"tags":[],"class_list":["post-378","post","type-post","status-publish","format-standard","hentry","category-livros","et-doesnt-have-format-content","et_post_format-et-post-format-standard"],"_links":{"self":[{"href":"https:\/\/espiritualidade.carmelitas.pt\/boletim\/wp-json\/wp\/v2\/posts\/378","targetHints":{"allow":["GET"]}}],"collection":[{"href":"https:\/\/espiritualidade.carmelitas.pt\/boletim\/wp-json\/wp\/v2\/posts"}],"about":[{"href":"https:\/\/espiritualidade.carmelitas.pt\/boletim\/wp-json\/wp\/v2\/types\/post"}],"author":[{"embeddable":true,"href":"https:\/\/espiritualidade.carmelitas.pt\/boletim\/wp-json\/wp\/v2\/users\/1"}],"replies":[{"embeddable":true,"href":"https:\/\/espiritualidade.carmelitas.pt\/boletim\/wp-json\/wp\/v2\/comments?post=378"}],"version-history":[{"count":2,"href":"https:\/\/espiritualidade.carmelitas.pt\/boletim\/wp-json\/wp\/v2\/posts\/378\/revisions"}],"predecessor-version":[{"id":380,"href":"https:\/\/espiritualidade.carmelitas.pt\/boletim\/wp-json\/wp\/v2\/posts\/378\/revisions\/380"}],"wp:attachment":[{"href":"https:\/\/espiritualidade.carmelitas.pt\/boletim\/wp-json\/wp\/v2\/media?parent=378"}],"wp:term":[{"taxonomy":"category","embeddable":true,"href":"https:\/\/espiritualidade.carmelitas.pt\/boletim\/wp-json\/wp\/v2\/categories?post=378"},{"taxonomy":"post_tag","embeddable":true,"href":"https:\/\/espiritualidade.carmelitas.pt\/boletim\/wp-json\/wp\/v2\/tags?post=378"}],"curies":[{"name":"wp","href":"https:\/\/api.w.org\/{rel}","templated":true}]}}