{"id":375,"date":"2017-06-18T13:08:21","date_gmt":"2017-06-18T13:08:21","guid":{"rendered":"http:\/\/espiritualidade.carmelitas.pt\/boletim\/?p=375"},"modified":"2017-06-18T13:08:36","modified_gmt":"2017-06-18T13:08:36","slug":"taize-encontro-europeu-em-valencia","status":"publish","type":"post","link":"https:\/\/espiritualidade.carmelitas.pt\/boletim\/taize-encontro-europeu-em-valencia\/","title":{"rendered":"Taiz\u00e9: Encontro Europeu em Val\u00eancia"},"content":{"rendered":"<p class=\"p3\">A Comunidade Ecum\u00e9nica de Taiz\u00e9 (Fran\u00e7a) \u00e9 recordada pelos seus valores, uni\u00e3o, exemplo e espiritualidade que convida ao sil\u00eancio atrav\u00e9s da ora\u00e7\u00e3o e c\u00e2nticos. Este ano completa 75 anos de exist\u00eancia e o d\u00e9cimo anivers\u00e1rio da morte do seu fundador, o Irm\u00e3o Roger.<\/p>\n<p class=\"p3\">Anualmente, esta comunidade organiza um encontro de jovens numa cidade da europa. Em 2015, ser\u00e1 Val\u00eancia (Espanha) a acolher este evento, que decorre de 28 de Dezembro de 2015 a 1 de Janeiro de 2016.<\/p>\n<p class=\"p1\">Este Encontro vai ser preparado pela Comunidade de Taiz\u00e9, a convite da Arquidiocese e de outras Igrejas. Vai reunir milhares de jovens para uma nova etapa da \u00abPeregrina\u00e7\u00e3o de Confian\u00e7a atrav\u00e9s da Terra\u00bb, iniciada pelo irm\u00e3o Roger no final dos anos 70. Jovens de toda a Europa e de outros continentes ser\u00e3o acolhidos pelas par\u00f3quias, comunidades e habitantes da \u00abComunidade Valenciana\u00bb.<\/p>\n<p class=\"p1\">Mais informa\u00e7\u00f5es sobre esta iniciativa em:<\/p>\n<p class=\"p1\">http:\/\/www.taize.fr\/<\/p>\n","protected":false},"excerpt":{"rendered":"<p>A Comunidade Ecum\u00e9nica de Taiz\u00e9 (Fran\u00e7a) \u00e9 recordada pelos seus valores, uni\u00e3o, exemplo e espiritualidade que convida ao sil\u00eancio atrav\u00e9s da ora\u00e7\u00e3o e c\u00e2nticos. Este ano completa 75 anos de [&hellip;]<\/p>\n","protected":false},"author":1,"featured_media":0,"comment_status":"closed","ping_status":"open","sticky":false,"template":"","format":"standard","meta":{"_et_pb_use_builder":"","_et_pb_old_content":"","_et_gb_content_width":"","footnotes":""},"categories":[17,14],"tags":[],"class_list":["post-375","post","type-post","status-publish","format-standard","hentry","category-jovens","category-oracao","et-doesnt-have-format-content","et_post_format-et-post-format-standard"],"_links":{"self":[{"href":"https:\/\/espiritualidade.carmelitas.pt\/boletim\/wp-json\/wp\/v2\/posts\/375","targetHints":{"allow":["GET"]}}],"collection":[{"href":"https:\/\/espiritualidade.carmelitas.pt\/boletim\/wp-json\/wp\/v2\/posts"}],"about":[{"href":"https:\/\/espiritualidade.carmelitas.pt\/boletim\/wp-json\/wp\/v2\/types\/post"}],"author":[{"embeddable":true,"href":"https:\/\/espiritualidade.carmelitas.pt\/boletim\/wp-json\/wp\/v2\/users\/1"}],"replies":[{"embeddable":true,"href":"https:\/\/espiritualidade.carmelitas.pt\/boletim\/wp-json\/wp\/v2\/comments?post=375"}],"version-history":[{"count":2,"href":"https:\/\/espiritualidade.carmelitas.pt\/boletim\/wp-json\/wp\/v2\/posts\/375\/revisions"}],"predecessor-version":[{"id":377,"href":"https:\/\/espiritualidade.carmelitas.pt\/boletim\/wp-json\/wp\/v2\/posts\/375\/revisions\/377"}],"wp:attachment":[{"href":"https:\/\/espiritualidade.carmelitas.pt\/boletim\/wp-json\/wp\/v2\/media?parent=375"}],"wp:term":[{"taxonomy":"category","embeddable":true,"href":"https:\/\/espiritualidade.carmelitas.pt\/boletim\/wp-json\/wp\/v2\/categories?post=375"},{"taxonomy":"post_tag","embeddable":true,"href":"https:\/\/espiritualidade.carmelitas.pt\/boletim\/wp-json\/wp\/v2\/tags?post=375"}],"curies":[{"name":"wp","href":"https:\/\/api.w.org\/{rel}","templated":true}]}}