{"id":373,"date":"2017-06-18T13:07:54","date_gmt":"2017-06-18T13:07:54","guid":{"rendered":"http:\/\/espiritualidade.carmelitas.pt\/boletim\/?p=373"},"modified":"2017-06-18T13:07:54","modified_gmt":"2017-06-18T13:07:54","slug":"selos-santa-teresa-de-jesus","status":"publish","type":"post","link":"https:\/\/espiritualidade.carmelitas.pt\/boletim\/selos-santa-teresa-de-jesus\/","title":{"rendered":"Selos \u201cSanta Teresa de Jesus\u201d"},"content":{"rendered":"<p class=\"p3\">Em pleno centen\u00e1rio do nascimento de Santa Teresa de Jesus, a empresa Correios de Portugal (CTT), associa-se a esta comemora\u00e7\u00e3o com a publica\u00e7\u00e3o de um selo. A cerim\u00f3nia de lan\u00e7amento da Emiss\u00e3o Filat\u00e9lica Comemorativa \u201c500 Anos de Santa Teresa de Jesus\u201d, ser\u00e1 realizada no dia 11 de Setembro, no Museu Nacional de Arte Antiga, pelas 18 horas. Esta iniciativa conta ainda com o apoio da Dire\u00e7\u00e3o-Geral do Patrim\u00f3nio Cultural, do Museu Nacional de Arte Antiga, e da Ordem dos Carmelitas Descal\u00e7os em Portugal.<\/p>\n","protected":false},"excerpt":{"rendered":"<p>Em pleno centen\u00e1rio do nascimento de Santa Teresa de Jesus, a empresa Correios de Portugal (CTT), associa-se a esta comemora\u00e7\u00e3o com a publica\u00e7\u00e3o de um selo. A cerim\u00f3nia de lan\u00e7amento [&hellip;]<\/p>\n","protected":false},"author":1,"featured_media":0,"comment_status":"closed","ping_status":"open","sticky":false,"template":"","format":"standard","meta":{"_et_pb_use_builder":"","_et_pb_old_content":"","_et_gb_content_width":"","footnotes":""},"categories":[13],"tags":[],"class_list":["post-373","post","type-post","status-publish","format-standard","hentry","category-divulgacao","et-doesnt-have-format-content","et_post_format-et-post-format-standard"],"_links":{"self":[{"href":"https:\/\/espiritualidade.carmelitas.pt\/boletim\/wp-json\/wp\/v2\/posts\/373","targetHints":{"allow":["GET"]}}],"collection":[{"href":"https:\/\/espiritualidade.carmelitas.pt\/boletim\/wp-json\/wp\/v2\/posts"}],"about":[{"href":"https:\/\/espiritualidade.carmelitas.pt\/boletim\/wp-json\/wp\/v2\/types\/post"}],"author":[{"embeddable":true,"href":"https:\/\/espiritualidade.carmelitas.pt\/boletim\/wp-json\/wp\/v2\/users\/1"}],"replies":[{"embeddable":true,"href":"https:\/\/espiritualidade.carmelitas.pt\/boletim\/wp-json\/wp\/v2\/comments?post=373"}],"version-history":[{"count":1,"href":"https:\/\/espiritualidade.carmelitas.pt\/boletim\/wp-json\/wp\/v2\/posts\/373\/revisions"}],"predecessor-version":[{"id":374,"href":"https:\/\/espiritualidade.carmelitas.pt\/boletim\/wp-json\/wp\/v2\/posts\/373\/revisions\/374"}],"wp:attachment":[{"href":"https:\/\/espiritualidade.carmelitas.pt\/boletim\/wp-json\/wp\/v2\/media?parent=373"}],"wp:term":[{"taxonomy":"category","embeddable":true,"href":"https:\/\/espiritualidade.carmelitas.pt\/boletim\/wp-json\/wp\/v2\/categories?post=373"},{"taxonomy":"post_tag","embeddable":true,"href":"https:\/\/espiritualidade.carmelitas.pt\/boletim\/wp-json\/wp\/v2\/tags?post=373"}],"curies":[{"name":"wp","href":"https:\/\/api.w.org\/{rel}","templated":true}]}}