{"id":371,"date":"2017-06-18T13:07:30","date_gmt":"2017-06-18T13:07:30","guid":{"rendered":"http:\/\/espiritualidade.carmelitas.pt\/boletim\/?p=371"},"modified":"2017-06-18T13:07:30","modified_gmt":"2017-06-18T13:07:30","slug":"curso-santa-teresa-davila","status":"publish","type":"post","link":"https:\/\/espiritualidade.carmelitas.pt\/boletim\/curso-santa-teresa-davila\/","title":{"rendered":"Curso: Santa Teresa D\u2019\u00c1vila"},"content":{"rendered":"<p class=\"p3\">A Faculdade de Teologia da UCP organiza uma segunda edi\u00e7\u00e3o do curso dedicado a Santa Teresa de \u00c1vila, O curso tem in\u00edcio a 3 de Outubro de 2015 e termina a 20 de Fevereiro de 2016 e decorre em regime de eLearning. Existem duas fases para inscri\u00e7\u00f5es:<\/p>\n<p class=\"p3\">1\u00aa fase: de 1 de Julho a 7 de Agosto de 2015<\/p>\n<p class=\"p3\">2\u00aa fase: de 1 A 30 de Setembro de 2015<\/p>\n<p class=\"p3\">Mais informa\u00e7\u00f5es em:<\/p>\n<p class=\"p3\">http:\/\/www.ft.lisboa.ucp.pt\/<\/p>\n","protected":false},"excerpt":{"rendered":"<p>A Faculdade de Teologia da UCP organiza uma segunda edi\u00e7\u00e3o do curso dedicado a Santa Teresa de \u00c1vila, O curso tem in\u00edcio a 3 de Outubro de 2015 e termina [&hellip;]<\/p>\n","protected":false},"author":1,"featured_media":0,"comment_status":"closed","ping_status":"open","sticky":false,"template":"","format":"standard","meta":{"_et_pb_use_builder":"","_et_pb_old_content":"","_et_gb_content_width":"","footnotes":""},"categories":[1],"tags":[],"class_list":["post-371","post","type-post","status-publish","format-standard","hentry","category-cursos","et-doesnt-have-format-content","et_post_format-et-post-format-standard"],"_links":{"self":[{"href":"https:\/\/espiritualidade.carmelitas.pt\/boletim\/wp-json\/wp\/v2\/posts\/371","targetHints":{"allow":["GET"]}}],"collection":[{"href":"https:\/\/espiritualidade.carmelitas.pt\/boletim\/wp-json\/wp\/v2\/posts"}],"about":[{"href":"https:\/\/espiritualidade.carmelitas.pt\/boletim\/wp-json\/wp\/v2\/types\/post"}],"author":[{"embeddable":true,"href":"https:\/\/espiritualidade.carmelitas.pt\/boletim\/wp-json\/wp\/v2\/users\/1"}],"replies":[{"embeddable":true,"href":"https:\/\/espiritualidade.carmelitas.pt\/boletim\/wp-json\/wp\/v2\/comments?post=371"}],"version-history":[{"count":1,"href":"https:\/\/espiritualidade.carmelitas.pt\/boletim\/wp-json\/wp\/v2\/posts\/371\/revisions"}],"predecessor-version":[{"id":372,"href":"https:\/\/espiritualidade.carmelitas.pt\/boletim\/wp-json\/wp\/v2\/posts\/371\/revisions\/372"}],"wp:attachment":[{"href":"https:\/\/espiritualidade.carmelitas.pt\/boletim\/wp-json\/wp\/v2\/media?parent=371"}],"wp:term":[{"taxonomy":"category","embeddable":true,"href":"https:\/\/espiritualidade.carmelitas.pt\/boletim\/wp-json\/wp\/v2\/categories?post=371"},{"taxonomy":"post_tag","embeddable":true,"href":"https:\/\/espiritualidade.carmelitas.pt\/boletim\/wp-json\/wp\/v2\/tags?post=371"}],"curies":[{"name":"wp","href":"https:\/\/api.w.org\/{rel}","templated":true}]}}