{"id":369,"date":"2017-06-18T13:06:59","date_gmt":"2017-06-18T13:06:59","guid":{"rendered":"http:\/\/espiritualidade.carmelitas.pt\/boletim\/?p=369"},"modified":"2017-06-18T13:06:59","modified_gmt":"2017-06-18T13:06:59","slug":"livro-dialogos-com-deus-em-fundo","status":"publish","type":"post","link":"https:\/\/espiritualidade.carmelitas.pt\/boletim\/livro-dialogos-com-deus-em-fundo\/","title":{"rendered":"Livro: Di\u00e1logos com Deus em Fundo"},"content":{"rendered":"<p class=\"p1\"><span class=\"s1\"><b>Di\u00e1logos com Deus em Fundo<\/b>, \u00e9 uma recolha de entrevistas acerca da quest\u00e3o religiosa, feitas ao longo de v\u00e1rios anos pelo jornalista Ant\u00f3nio Marujo.<\/span><\/p>\n<p class=\"p1\"><span class=\"s1\">H\u00e1 um problema velho de d\u00e9cadas no catolicismo portugu\u00eas: a quase aus\u00eancia de uma reflex\u00e3o pertinente sobre a sociedade, a experi\u00eancia crist\u00e3 e a pr\u00f3pria quest\u00e3o de Deus. <\/span><\/p>\n<p class=\"p1\"><span class=\"s1\">Por isso, o presente conjunto de entrevistas pretende dar express\u00e3o de cidadania \u00e0 teologia, \u00e0 reflex\u00e3o sobre Deus, ao debate sobre a vida a partir da experi\u00eancia crente (ou sobre a reflex\u00e3o dos n\u00e3o-crentes acerca da dimens\u00e3o religiosa). O debate cultural n\u00e3o pode continuar a remeter para a clandestinidade essas vozes que, pela sua diferen\u00e7a, podem ser um contributo fundamental tamb\u00e9m para a defini\u00e7\u00e3o das escolhas sociais. Pelo contr\u00e1rio: religi\u00f5es e cultura t\u00eam de se abrir mutuamente, para permitir que a condi\u00e7\u00e3o humana seja mais dignamente vivida por todas as pessoas.<\/span><\/p>\n","protected":false},"excerpt":{"rendered":"<p>Di\u00e1logos com Deus em Fundo, \u00e9 uma recolha de entrevistas acerca da quest\u00e3o religiosa, feitas ao longo de v\u00e1rios anos pelo jornalista Ant\u00f3nio Marujo. H\u00e1 um problema velho de d\u00e9cadas [&hellip;]<\/p>\n","protected":false},"author":1,"featured_media":0,"comment_status":"closed","ping_status":"open","sticky":false,"template":"","format":"standard","meta":{"_et_pb_use_builder":"","_et_pb_old_content":"","_et_gb_content_width":"","footnotes":""},"categories":[8],"tags":[],"class_list":["post-369","post","type-post","status-publish","format-standard","hentry","category-livros","et-doesnt-have-format-content","et_post_format-et-post-format-standard"],"_links":{"self":[{"href":"https:\/\/espiritualidade.carmelitas.pt\/boletim\/wp-json\/wp\/v2\/posts\/369","targetHints":{"allow":["GET"]}}],"collection":[{"href":"https:\/\/espiritualidade.carmelitas.pt\/boletim\/wp-json\/wp\/v2\/posts"}],"about":[{"href":"https:\/\/espiritualidade.carmelitas.pt\/boletim\/wp-json\/wp\/v2\/types\/post"}],"author":[{"embeddable":true,"href":"https:\/\/espiritualidade.carmelitas.pt\/boletim\/wp-json\/wp\/v2\/users\/1"}],"replies":[{"embeddable":true,"href":"https:\/\/espiritualidade.carmelitas.pt\/boletim\/wp-json\/wp\/v2\/comments?post=369"}],"version-history":[{"count":1,"href":"https:\/\/espiritualidade.carmelitas.pt\/boletim\/wp-json\/wp\/v2\/posts\/369\/revisions"}],"predecessor-version":[{"id":370,"href":"https:\/\/espiritualidade.carmelitas.pt\/boletim\/wp-json\/wp\/v2\/posts\/369\/revisions\/370"}],"wp:attachment":[{"href":"https:\/\/espiritualidade.carmelitas.pt\/boletim\/wp-json\/wp\/v2\/media?parent=369"}],"wp:term":[{"taxonomy":"category","embeddable":true,"href":"https:\/\/espiritualidade.carmelitas.pt\/boletim\/wp-json\/wp\/v2\/categories?post=369"},{"taxonomy":"post_tag","embeddable":true,"href":"https:\/\/espiritualidade.carmelitas.pt\/boletim\/wp-json\/wp\/v2\/tags?post=369"}],"curies":[{"name":"wp","href":"https:\/\/api.w.org\/{rel}","templated":true}]}}