{"id":367,"date":"2017-06-18T13:06:12","date_gmt":"2017-06-18T13:06:12","guid":{"rendered":"http:\/\/espiritualidade.carmelitas.pt\/boletim\/?p=367"},"modified":"2017-06-18T13:06:12","modified_gmt":"2017-06-18T13:06:12","slug":"congresso-internacional-a-reforma-teresiana-em-portugal","status":"publish","type":"post","link":"https:\/\/espiritualidade.carmelitas.pt\/boletim\/congresso-internacional-a-reforma-teresiana-em-portugal\/","title":{"rendered":"Congresso Internacional:\u00a0A Reforma Teresiana em Portugal"},"content":{"rendered":"<p class=\"p1\"><span class=\"s1\"><b><i>F\u00e1tima, 22-24 Outubro<\/i><\/b><\/span><\/p>\n<p>&nbsp;<\/p>\n<p class=\"p2\"><b>22 OUTUBRO: 5\u00aa FEIRA <\/b><\/p>\n<p class=\"p4\">09h 30 \u2013 Acolhimento e secretariado<\/p>\n<p class=\"p4\">10h 15 \u2013 Sess\u00e3o de abertura<\/p>\n<p class=\"p4\">10h 30 \u2013 Evolu\u00e7\u00e3o do Carisma Teresiano \u2013 <i>Pe. Jeremias Vechina (OCD)<\/i><\/p>\n<p class=\"p4\">11h 00 \u2013 Pausa para caf\u00e9<\/p>\n<p class=\"p5\">1\u00ba PAINEL: O CARISMA TERESIANO<\/p>\n<p class=\"p5\">Moderador: Pe. ARMINDO VAZ (OCD)<\/p>\n<p class=\"p6\">11h 30 \u2013 \u00abEspelhos\u00bb de Santa Teresa de Jesus. A escrita, a tradu\u00e7\u00e3o e a leitura das \u00abVidas\u00bb teresianas em Portugal (s\u00e9culos XVII-XVIII) \u2013 <i>Paula Almeida Mendes (FLUP\/CITCEM) <\/i><\/p>\n<p class=\"p6\">11h 50 \u2013 De amor e de dor: uma an\u00e1lise teo-fenomenol\u00f3gica da experi\u00eancia m\u00edstica de Santa Teresa e seus ensinamentos para a Cristandade contempor\u00e2nea \u2013 <i>Jos\u00e9 Filipe Silva (FLUP) <\/i><\/p>\n<p class=\"p6\">12h 10 \u2013 As disc\u00edpulas portuguesas de Teresa: misticismo e feminismo no s\u00e9c. XVII \u2013 <i>Joana Serrado (U. Oxford)<\/i><\/p>\n<p class=\"p6\">14h 30 \u2013 Document\u00e1rio \u2013 A Ordem dos Carmelitas Descal\u00e7os: presen\u00e7a e continuidade em Portugal<\/p>\n<p class=\"p6\">15h 15 \u2013 Hist\u00f3ria Institucional da Ordem \u2013 <i>Pe. Luis Frontela (OCD) <\/i><\/p>\n<p class=\"p5\">2\u00ba PAINEL: HISTORIA INSTITUCIONAL<\/p>\n<p class=\"p5\">Moderadora: NAIR CASTRO SOARES (U. de Coimbra)<\/p>\n<p class=\"p6\">15h 45 \u2013 A Ordem dos Carmelitas Descal\u00e7os: moldagem \u00e0 realidade portuguesa \u2013 <i>Carlos Marga\u00e7a Veiga (FLUL\/Academia Portuguesa da Hist\u00f3ria) <\/i><\/p>\n<p class=\"p6\">16h 05 \u2013 A comunidade do Convento dos Cardais de Lisboa: estudo prosopogr\u00e1fico \u2013 <i>Leonor Calv\u00e3o Borges (DILP\u2013Assembleia da Rep\u00fablica), Maria de Lurdes Calv\u00e3o Borges (Academia Portuguesa da Hist\u00f3ria) <\/i><\/p>\n<p class=\"p6\"><span class=\"s2\">16h 25 \u2013 Carmelitas e Teresianas em Portugal entre a Monarquia e a Rep\u00fablica \u2013 <i>Artur Villares (CEIMOM\u2013ISLA Gaia) <\/i><\/span><\/p>\n<p class=\"p5\">3\u00ba PAINEL: ARTE E PATRIM\u00d3NIO I (ARQUITETURA)<\/p>\n<p class=\"p5\">Moderador: VIRGOLINO JORGE (U. de \u00c9vora)<\/p>\n<p class=\"p6\">17h 30 \u2013 Convento de Santa Teresa de \u00c1vila em Salvador \u2013 inser\u00e7\u00e3o, tipomorfologia e patrim\u00f3nio \u2013 <i>Solange Ara\u00fajo (U. Federal da Bahia\/Instituto dos Arquitetos do Brasil\u2013BA) <\/i><\/p>\n<p class=\"p6\">17h 50 \u2013 Uma arquitectura para a ora\u00e7\u00e3o: os claustros dos conventos dos Carmelitas Descal\u00e7os em Portugal (s\u00e9culos XVI-XVII) \u2013 <i>Miguel Portela (U. do Minho) <\/i><\/p>\n<p class=\"p6\"><span class=\"s2\">18h 10 \u2013 O arquitecto Jo\u00e3o Nunes Tinoco (c. 1616-1690) e a sua actividade junto dos Carmelitas Descal\u00e7os \u2013 <i>Teresa de Campos Coelho (arquiteta, historiadora de arte) <\/i><\/span><\/p>\n<p class=\"p6\">18h 30 \u2013 Hidr\u00e1ulica de Conventos Carmelitas Descal\u00e7os em \u00c9vora \u2013 Convento de Nossa Senhora dos Rem\u00e9dios e Convento de S\u00e3o Jos\u00e9 da Esperan\u00e7a \u2013 <i>Maria do C\u00e9u Tereno e Mar\u00edzia Pereira (U. de \u00c9vora), Ant\u00f3nio Tereno (historiador) <\/i><\/p>\n<p class=\"p6\">19h 10 \u2013 Apresenta\u00e7\u00e3o da Emiss\u00e3o Filat\u00e9lica de Santa Teresa de Jesus, com carimbo evocativo do Congresso<\/p>\n<p class=\"p2\"><b>23 OUTUBRO: 6\u00aa FEIRA <\/b><\/p>\n<p class=\"p4\">10h 30 \u2013 O pintor Pedro Nunes e o ret\u00e1bulo da Igreja de N.\u00aa Sr.\u00aa dos Rem\u00e9dios de \u00c9vora (1618-1620) \u2013 <i>Vitor Serr\u00e3o (IHA\/FLUL) <\/i><\/p>\n<p class=\"p5\">4\u00ba PAINEL: ARTE E PATRIM\u00d3NIO II (AZULEJARIA)<\/p>\n<p class=\"p5\">Moderador: JOS\u00c9 MECO (U. de Lisboa)<\/p>\n<p class=\"p6\">11h 30 \u2013 O frontal de altar carmelita no contexto da azulejaria portuguesa do s\u00e9c. XVII \u2013 <i>Jo\u00e3o Pedro Monteiro (Museu Nacional do Azulejo) <\/i><\/p>\n<p class=\"p6\">11h 50 \u2013 An\u00e1lise de pastas cer\u00e2micas e vidradas dos azulejos do frontal de altar do Convento de Nossa Senhora dos Rem\u00e9dios de \u00c9vora \u2013 <i>Celso Mangucci, C\u00e1tia Relvas, Margarida Nunes, Ant\u00f3nio Candeias, Jos\u00e9 Mir\u00e3o e Teresa Ferreira (HERCULES\u2013U. de \u00c9vora) <\/i><\/p>\n<p class=\"p6\">12h 10 \u2013 Santa Teresa de Jesus na Azulejaria Portuguesa \u2013 <i>L\u00facia Marinho (ARTIS\u2013IHA\/U. de Lisboa) <\/i><\/p>\n<p class=\"p6\">14h 30 \u2013 Cultura e Ci\u00eancia: forma\u00e7\u00e3o integral e espiritualidade, um caminho de perfei\u00e7\u00e3o, no s\u00e9culo XVI \u2013 <i>Nair Castro Soares (U. de Coimbra) <\/i><\/p>\n<p class=\"p5\">5\u00ba PAINEL: CULTURA E CI\u00caNCIA<\/p>\n<p class=\"p5\">Moderador: CARLOS MARGA\u00c7A VEIGA (Academia Portuguesa da Hist\u00f3ria)<\/p>\n<p class=\"p6\">15h 00 \u2013 O Caminho de Perfei\u00e7\u00e3o, \u00c9vora, 1583, a primeira obra impressa de Teresa de Jesus. Esta\u00e7\u00f5es de um caminho \u2013 <i>Jo\u00e3o Alves Dias (U. Nova de Lisboa) <\/i><\/p>\n<p class=\"p6\">15h 20 \u2013 O Castelo Interior de Santa Teresa de \u00c1vila e a Confer\u00eancia das Aves de Attar: o modelo do caminho espiritual na M\u00edstica Sufi e Crist\u00e3 \u2013 <i>Nat\u00e1lia Nunes (UNL\u2013FCSH) <\/i><\/p>\n<p class=\"p6\">15h 40 \u2013 Boticas dos Carmelitas Descal\u00e7os em Portugal \u2013 esp\u00e9cies vegetais e fitogeografia \u2013 <i>Mar\u00edzia Pereira e Maria do C\u00e9u Tereno (U. de \u00c9vora), Ant\u00f3nio Tereno (historiador) <\/i><\/p>\n<p class=\"p6\">16h 00 \u2013 O Deserto do Bu\u00e7aco: Paisagem do Sagrado \u2013 a heran\u00e7a dos Carmelitas Descal\u00e7os \u2013 <i>Filipe Gon\u00e7alves Teixeira (Funda\u00e7\u00e3o Mata do Bu\u00e7aco) <\/i><\/p>\n<p class=\"p6\">17h 00 \u2013 Apresenta\u00e7\u00e3o do Livro Ret\u00e1bulos da Ordem dos Carmelitas Descal\u00e7os da autoria de Francisco Lameira, Jos\u00e9 Jo\u00e3o Loureiro e Jos\u00e9 Carlos Vechina (OCD), pelo <i>Prof. Doutor Vitor Serr\u00e3o (IHA\/FLUL) <\/i><\/p>\n<p class=\"p6\">17h 45 \u2013 Visita guiada ao Convento dos Carmelitas Descal\u00e7os de F\u00e1tima<\/p>\n<p class=\"p6\">18h 30 \u2013 V\u00e9speras no Carmelo de S. Jos\u00e9<\/p>\n<p class=\"p6\">19h 00 \u2013 Visita guiada \u00e0 capela do Carmelo de S. Jos\u00e9<\/p>\n<p class=\"p2\"><b>24 OUTUBRO: S\u00c1BADO <\/b><\/p>\n<p class=\"p6\">10h 30 \u2013 Missioni, istituzioni e culture. Romanizzazione e internazionalizzazione della Chiesa cattolica in et\u00e0 contemporanea \u2013 <i>Gianpaolo Romanato (Pontif\u00edcio Comit\u00e9 de Estudos Hist\u00f3ricos\/U. de P\u00e1dua) <\/i><\/p>\n<p class=\"p5\">6\u00ba PAINEL: MISSIONA\u00c7\u00c3O<\/p>\n<p class=\"p5\">Moderador: Pe. DANIEL JORGE SACHIPANGUE (OCD)<\/p>\n<p class=\"p6\">11h 30 \u2013 As Chaves e a Espada: a miss\u00e3o nas rela\u00e7\u00f5es diplom\u00e1ticas entre o Reino do Congo e a Santa S\u00e9 (1583-1607) \u2013 <i>Nuno Falc\u00e3o (CEAUP\/FLUP\u2013FCT)<\/i><\/p>\n<p class=\"p6\">11h 50 \u2013 A Pol\u00edtica da Coroa Portuguesa e do Imp\u00e9rio do Brasil para as Ordens Religiosas em Terras Brasileiras: primeiras considera\u00e7\u00f5es sobre a expuls\u00e3o dos Carmelitas Descal\u00e7os de Salvador (1750-1839) \u2013 <i>Sandra Molina (U. de Ribeir\u00e3o Preto) <\/i><\/p>\n<p class=\"p6\">12h 10 \u2013 D. Fr. Lu\u00eds de Santa Teresa: de modelo de religioso jacobeu \u00e0s vicissitudes de um reformador rigorista em Olinda (Pernambuco) \u2013 <i>Maria Helena Queir\u00f3s (CITCEM\u2013U. do Porto)<\/i><\/p>\n<p class=\"p5\">7\u00ba PAINEL: ARTE E PATRIM\u00d3NIO III (ICONOGRAFIA)<\/p>\n<p class=\"p5\">Moderador: Pedro Flor (U. Nova de Lisboa)<\/p>\n<p class=\"p6\">14h 30 \u2013 A Vis\u00e3o e a Imagem: Santa Teresa de \u00c1vila e Josefa de Ayalla \u2013 <i>Joaquim Oliveira Caetano (Museu Nacional de Arte Antiga) <\/i><\/p>\n<p class=\"p6\">14h 50 \u2013 Iconografias de Santa Teresa de \u00c1vila como Esposa M\u00edstica \u2013 <i>Isabel Bastos (FLUP) <\/i><\/p>\n<p class=\"p6\">15h 10 \u2013 Representa\u00e7\u00e3o iconogr\u00e1fica de Santa Teresa d`\u00c1vila no contexto das Minas dos s\u00e9culos XVIII a XIX, no Brasil \u2013 <i>Adalgisa Arantes Campos (U. Federal de Minas Gerais) <\/i><\/p>\n<p class=\"p6\">16h 00 \u2013 Restaura\u00e7\u00e3o da Prov\u00edncia e atualidade: portas abertas para outras linhas de investiga\u00e7\u00e3o \u2013 <i>Pe. Joaquim Teixeira (Provincial da Ordem dos Carmelitas Descal\u00e7os em Portugal) <\/i><\/p>\n<p class=\"p6\">16h 30 \u2013 Sess\u00e3o de encerramento<\/p>\n","protected":false},"excerpt":{"rendered":"<p>F\u00e1tima, 22-24 Outubro &nbsp; 22 OUTUBRO: 5\u00aa FEIRA 09h 30 \u2013 Acolhimento e secretariado 10h 15 \u2013 Sess\u00e3o de abertura 10h 30 \u2013 Evolu\u00e7\u00e3o do Carisma Teresiano \u2013 Pe. Jeremias [&hellip;]<\/p>\n","protected":false},"author":1,"featured_media":0,"comment_status":"closed","ping_status":"open","sticky":false,"template":"","format":"standard","meta":{"_et_pb_use_builder":"","_et_pb_old_content":"","_et_gb_content_width":"","footnotes":""},"categories":[12],"tags":[],"class_list":["post-367","post","type-post","status-publish","format-standard","hentry","category-congressos","et-doesnt-have-format-content","et_post_format-et-post-format-standard"],"_links":{"self":[{"href":"https:\/\/espiritualidade.carmelitas.pt\/boletim\/wp-json\/wp\/v2\/posts\/367","targetHints":{"allow":["GET"]}}],"collection":[{"href":"https:\/\/espiritualidade.carmelitas.pt\/boletim\/wp-json\/wp\/v2\/posts"}],"about":[{"href":"https:\/\/espiritualidade.carmelitas.pt\/boletim\/wp-json\/wp\/v2\/types\/post"}],"author":[{"embeddable":true,"href":"https:\/\/espiritualidade.carmelitas.pt\/boletim\/wp-json\/wp\/v2\/users\/1"}],"replies":[{"embeddable":true,"href":"https:\/\/espiritualidade.carmelitas.pt\/boletim\/wp-json\/wp\/v2\/comments?post=367"}],"version-history":[{"count":1,"href":"https:\/\/espiritualidade.carmelitas.pt\/boletim\/wp-json\/wp\/v2\/posts\/367\/revisions"}],"predecessor-version":[{"id":368,"href":"https:\/\/espiritualidade.carmelitas.pt\/boletim\/wp-json\/wp\/v2\/posts\/367\/revisions\/368"}],"wp:attachment":[{"href":"https:\/\/espiritualidade.carmelitas.pt\/boletim\/wp-json\/wp\/v2\/media?parent=367"}],"wp:term":[{"taxonomy":"category","embeddable":true,"href":"https:\/\/espiritualidade.carmelitas.pt\/boletim\/wp-json\/wp\/v2\/categories?post=367"},{"taxonomy":"post_tag","embeddable":true,"href":"https:\/\/espiritualidade.carmelitas.pt\/boletim\/wp-json\/wp\/v2\/tags?post=367"}],"curies":[{"name":"wp","href":"https:\/\/api.w.org\/{rel}","templated":true}]}}