{"id":365,"date":"2017-06-18T13:05:29","date_gmt":"2017-06-18T13:05:29","guid":{"rendered":"http:\/\/espiritualidade.carmelitas.pt\/boletim\/?p=365"},"modified":"2017-06-18T13:05:29","modified_gmt":"2017-06-18T13:05:29","slug":"livro-moradas-ou-castelo-interior","status":"publish","type":"post","link":"https:\/\/espiritualidade.carmelitas.pt\/boletim\/livro-moradas-ou-castelo-interior\/","title":{"rendered":"Livro: Moradas ou Castelo Interior"},"content":{"rendered":"<p class=\"p1\">As <b>Moradas ou Castelo Interior<\/b> \u00e9 uma li\u00e7\u00e3o magistral de Santa Teresa de \u00c1vila. Fruto amadurecido da sua \u00faltima etapa terrena, traduz o per\u00edodo definitivo da sua evolu\u00e7\u00e3o espiritual e completa a mensagem das suas obras anteriores: <i>Vida <\/i>e <i>Caminho de Perfei\u00e7\u00e3o<\/i>. O relato autobiogr\u00e1fico da <i>Vida <\/i>tem, agora, uma nova vers\u00e3o, mais s\u00f3bria e discreta, disfar\u00e7ada no anonimato e integrada pelas experi\u00eancias do \u00faltimo dec\u00e9nio. Da mesma maneira, a pedagogia do <i>Caminho <\/i>ultrapassa agora as tentativas de treino na vida espiritual, para remar at\u00e9 ao mais profundo do mist\u00e9rio: a plenitude da vida crist\u00e3. As Edi\u00e7\u00f5es Carmelo apresentam, agora, numa 2\u00aa edi\u00e7\u00e3o, esta obra extraordin\u00e1ria de Santa Teresa de Jesus com uma nova apresenta\u00e7\u00e3o, tradu\u00e7\u00e3o e notas, para melhor interiorizarmos a sua doutrina.<\/p>\n","protected":false},"excerpt":{"rendered":"<p>As Moradas ou Castelo Interior \u00e9 uma li\u00e7\u00e3o magistral de Santa Teresa de \u00c1vila. Fruto amadurecido da sua \u00faltima etapa terrena, traduz o per\u00edodo definitivo da sua evolu\u00e7\u00e3o espiritual e [&hellip;]<\/p>\n","protected":false},"author":1,"featured_media":0,"comment_status":"closed","ping_status":"open","sticky":false,"template":"","format":"standard","meta":{"_et_pb_use_builder":"","_et_pb_old_content":"","_et_gb_content_width":"","footnotes":""},"categories":[8],"tags":[],"class_list":["post-365","post","type-post","status-publish","format-standard","hentry","category-livros","et-doesnt-have-format-content","et_post_format-et-post-format-standard"],"_links":{"self":[{"href":"https:\/\/espiritualidade.carmelitas.pt\/boletim\/wp-json\/wp\/v2\/posts\/365","targetHints":{"allow":["GET"]}}],"collection":[{"href":"https:\/\/espiritualidade.carmelitas.pt\/boletim\/wp-json\/wp\/v2\/posts"}],"about":[{"href":"https:\/\/espiritualidade.carmelitas.pt\/boletim\/wp-json\/wp\/v2\/types\/post"}],"author":[{"embeddable":true,"href":"https:\/\/espiritualidade.carmelitas.pt\/boletim\/wp-json\/wp\/v2\/users\/1"}],"replies":[{"embeddable":true,"href":"https:\/\/espiritualidade.carmelitas.pt\/boletim\/wp-json\/wp\/v2\/comments?post=365"}],"version-history":[{"count":1,"href":"https:\/\/espiritualidade.carmelitas.pt\/boletim\/wp-json\/wp\/v2\/posts\/365\/revisions"}],"predecessor-version":[{"id":366,"href":"https:\/\/espiritualidade.carmelitas.pt\/boletim\/wp-json\/wp\/v2\/posts\/365\/revisions\/366"}],"wp:attachment":[{"href":"https:\/\/espiritualidade.carmelitas.pt\/boletim\/wp-json\/wp\/v2\/media?parent=365"}],"wp:term":[{"taxonomy":"category","embeddable":true,"href":"https:\/\/espiritualidade.carmelitas.pt\/boletim\/wp-json\/wp\/v2\/categories?post=365"},{"taxonomy":"post_tag","embeddable":true,"href":"https:\/\/espiritualidade.carmelitas.pt\/boletim\/wp-json\/wp\/v2\/tags?post=365"}],"curies":[{"name":"wp","href":"https:\/\/api.w.org\/{rel}","templated":true}]}}