{"id":3553,"date":"2023-10-31T02:37:00","date_gmt":"2023-10-31T02:37:00","guid":{"rendered":"https:\/\/espiritualidade.carmelitas.pt\/boletim\/?p=3553"},"modified":"2023-10-27T14:38:59","modified_gmt":"2023-10-27T14:38:59","slug":"o-reino-dos-pequeninos","status":"publish","type":"post","link":"https:\/\/espiritualidade.carmelitas.pt\/boletim\/o-reino-dos-pequeninos\/","title":{"rendered":"O Reino dos pequeninos *"},"content":{"rendered":"\n<p><em>Frei Francisco Bragu\u00eas, OCD<\/em><\/p>\n\n\n\n<p>Car\u00edssimos leitores, continuamos a celebrar Santa Teresinha do Menino Jesus ao longo desta peregrina\u00e7\u00e3o anual que estamos a realizar com estas singelas linhas que, mensalmente, v\u00e3o sendo publicadas no nosso <em>Di\u00e1rio do Minho<\/em>.<\/p>\n\n\n\n<p>Desde janeiro que estamos a viver o ano jubilar de comemora\u00e7\u00e3o do 150\u00ba anivers\u00e1rio do nascimento da maior santa dos tempos modernos, como afirmou o papa S\u00e3o Pio X. Precisar\u00edamos de v\u00e1rios anos para aprofundarmos as grandes riquezas que esta jovem carmelita francesa esconde e nos revela. Mesmo assim, m\u00eas a m\u00eas, vamos nos aproximando, sorrateiros embora ousados, desta grande santa.<\/p>\n\n\n\n<p>O m\u00eas de outubro \u00e9 inaugurado na Igreja pela celebra\u00e7\u00e3o festiva de Santa Teresa do Menino Jesus. Anualmente, o dia 1 de outubro \u00e9 dia de grande festa e a\u00e7\u00e3o de gra\u00e7as pelos dons e gra\u00e7as que recebemos de Teresinha. Gostaria, pois, de deter-me naquilo que a Liturgia da Igreja nos apresenta para celebrarmos, rezarmos e agradecermos Teresa de Lisieux.<\/p>\n\n\n\n<p>A Liturgia da Palavra \u00e9 bel\u00edssima. Toda ela se centra na imagem de Deus como pai \u2013 e m\u00e3e \u2013 cheios de carinho e ternura pelos seus filhos. A Primeira Leitura, retirada do livro do profeta Isa\u00edas transpira o amor de Deus para com Jerusal\u00e9m por todos os lados. Correr\u00e3o rios de paz para Jerusal\u00e9m \u2013 tamb\u00e9m n\u00f3s somos cidade santa \u2013 da parte de Deus. Os seus filhos ser\u00e3o acariciados e consolados sobre os joelhos, qual pai \u2013 e m\u00e3e \u2013 que cuidam ternamente de seus filhos. Alegremo-nos, pois Deus ama infinitamente cada um de n\u00f3s e transforma os nossos cora\u00e7\u00f5es, tantas vezes obscurecidos por trevas e noites, em focos de luz e de salva\u00e7\u00e3o.<\/p>\n\n\n\n<p>O salmo que cantamos em dia de Santa Teresinha \u00e9 um b\u00e1lsamo de paz e de consola\u00e7\u00e3o. O salmo 130 \u00e9 um convite a entrarmos no santu\u00e1rio do nosso cora\u00e7\u00e3o, como o fazia tantas vezes a jovem carmelita, e a\u00ed descobrirmos o nosso tudo, o necess\u00e1rio e suficiente. N\u00e3o busquemos fora o que temos dentro! O reino de Deus n\u00e3o \u00e9 dos soberbos nem daqueles que buscam coisas superiores \u00e0s suas for\u00e7as e capacidades. Este reino \u00e9 antes daqueles que ficam tranquilos e sossegados, como crian\u00e7as ao colo da m\u00e3e. Retomamos a imagem materna consoladora e terna, que Teresinha de Lisieux desbravou e descobriu que era caminho seguro para a almejada uni\u00e3o com Deus.<\/p>\n\n\n\n<p>O Evangelho proposto \u00e9 a meta desta senda. Os disc\u00edpulos andavam preocupados em saber quem seria o maior no Reino dos C\u00e9us. Ambicionavam grandezas e os seus olhos levantavam-se altivos, como escut\u00e1vamos no salmo 130.<\/p>\n\n\n\n<p>Jesus, na sua divina sabedoria, responde de forma pl\u00e1stica. Chamou uma crian\u00e7a. Poderia ser Teresinha! Ali estava: quem n\u00e3o se tornar como uma crian\u00e7a, n\u00e3o entrar\u00e1 no Reino. Este Reino n\u00e3o \u00e9 dos poderosos e altivos, mas sim dos pequeninos e humildes. \u00c9 o Reino dos pequeninos!<\/p>\n\n\n\n<p>Santa Teresinha ensina-nos que a inf\u00e2ncia espiritual \u00e9 o caminho para acolhermos o abra\u00e7o do Pai. \u00c9 a peregrina\u00e7\u00e3o que estamos chamados a percorrer para descobrirmos j\u00e1 aqui, nesta terra e no nosso cora\u00e7\u00e3o, o Reino que est\u00e1 entre n\u00f3s. Assim rezamos no Pref\u00e1cio da Missa: \u00abV\u00f3s revelastes \u00e0 pequena Teresa os mist\u00e9rios do vosso reino, para que, mediante a sua vida escondida com Cristo, anunciasse aos homens o evangelho do vosso amor misericordioso\u00bb.<\/p>\n\n\n\n<p>Esse evangelho do amor misericordioso de Deus \u00e9 o grande segredo que Jesus quer comunicar aos nossos cora\u00e7\u00f5es. Devemos estar dispostos a perder as nossas seguran\u00e7as e supostas bases seguras para nos abaixarmos, como o nosso Deus que se abaixa aos nossos cora\u00e7\u00f5es para a\u00ed estabelecer a sua morada.<\/p>\n\n\n\n<p>Diante d\u2019Ele apresentemo-nos de m\u00e3os vazias, como as crian\u00e7as, que lhes basta um sorriso para nos enternecer o cora\u00e7\u00e3o. Deixemos que o Pai do C\u00e9u nos coloque ao seu colo e nos comunique os segredos do seu Reino. Fa\u00e7amo-nos pequeninos e humildes, singelos e discretos. Sejamos reflexos e mission\u00e1rios do amor misericordioso de Deus no nosso mundo, entre os nossos contempor\u00e2neos.<\/p>\n\n\n\n<p>Pe\u00e7amos a Santa Teresinha do Menino Jesus essa ousadia de nos lan\u00e7armos nos bra\u00e7os do Pai, de percorrermos os trilhos da inf\u00e2ncia espiritual. Rezemos como em cada 1 de outubro na ora\u00e7\u00e3o coleta: \u00abDeus de infinita bondade, que abris as portas do vosso reino aos pequeninos e humildes, fazei que sigamos confiadamente o caminho espiritual de Santa Teresa do Menino Jesus, para que, por sua intercess\u00e3o, cheguemos \u00e0 revela\u00e7\u00e3o da vossa gl\u00f3ria\u00bb.<\/p>\n\n\n\n<p><sup>* <\/sup><em>Publicado no jornal Di\u00e1rio do Minho de 2 outubro 2023<\/em><\/p>\n","protected":false},"excerpt":{"rendered":"<p>Frei Francisco Bragu\u00eas, OCD Car\u00edssimos leitores, continuamos a celebrar Santa Teresinha do Menino Jesus ao longo desta peregrina\u00e7\u00e3o anual que estamos a realizar com estas singelas linhas que, mensalmente, v\u00e3o [&hellip;]<\/p>\n","protected":false},"author":1,"featured_media":3543,"comment_status":"closed","ping_status":"open","sticky":false,"template":"","format":"standard","meta":{"_et_pb_use_builder":"off","_et_pb_old_content":"","_et_gb_content_width":"","footnotes":""},"categories":[4],"tags":[],"class_list":["post-3553","post","type-post","status-publish","format-standard","has-post-thumbnail","hentry","category-artigos","et-has-post-format-content","et_post_format-et-post-format-standard"],"_links":{"self":[{"href":"https:\/\/espiritualidade.carmelitas.pt\/boletim\/wp-json\/wp\/v2\/posts\/3553","targetHints":{"allow":["GET"]}}],"collection":[{"href":"https:\/\/espiritualidade.carmelitas.pt\/boletim\/wp-json\/wp\/v2\/posts"}],"about":[{"href":"https:\/\/espiritualidade.carmelitas.pt\/boletim\/wp-json\/wp\/v2\/types\/post"}],"author":[{"embeddable":true,"href":"https:\/\/espiritualidade.carmelitas.pt\/boletim\/wp-json\/wp\/v2\/users\/1"}],"replies":[{"embeddable":true,"href":"https:\/\/espiritualidade.carmelitas.pt\/boletim\/wp-json\/wp\/v2\/comments?post=3553"}],"version-history":[{"count":1,"href":"https:\/\/espiritualidade.carmelitas.pt\/boletim\/wp-json\/wp\/v2\/posts\/3553\/revisions"}],"predecessor-version":[{"id":3554,"href":"https:\/\/espiritualidade.carmelitas.pt\/boletim\/wp-json\/wp\/v2\/posts\/3553\/revisions\/3554"}],"wp:featuredmedia":[{"embeddable":true,"href":"https:\/\/espiritualidade.carmelitas.pt\/boletim\/wp-json\/wp\/v2\/media\/3543"}],"wp:attachment":[{"href":"https:\/\/espiritualidade.carmelitas.pt\/boletim\/wp-json\/wp\/v2\/media?parent=3553"}],"wp:term":[{"taxonomy":"category","embeddable":true,"href":"https:\/\/espiritualidade.carmelitas.pt\/boletim\/wp-json\/wp\/v2\/categories?post=3553"},{"taxonomy":"post_tag","embeddable":true,"href":"https:\/\/espiritualidade.carmelitas.pt\/boletim\/wp-json\/wp\/v2\/tags?post=3553"}],"curies":[{"name":"wp","href":"https:\/\/api.w.org\/{rel}","templated":true}]}}