{"id":3551,"date":"2023-10-31T02:27:00","date_gmt":"2023-10-31T02:27:00","guid":{"rendered":"https:\/\/espiritualidade.carmelitas.pt\/boletim\/?p=3551"},"modified":"2023-10-27T14:37:38","modified_gmt":"2023-10-27T14:37:38","slug":"santuario-dinamiza-encontros-semanais-de-leitura-orante-das-escrituras","status":"publish","type":"post","link":"https:\/\/espiritualidade.carmelitas.pt\/boletim\/santuario-dinamiza-encontros-semanais-de-leitura-orante-das-escrituras\/","title":{"rendered":"Santu\u00e1rio dinamiza encontros semanais de leitura orante das Escrituras"},"content":{"rendered":"\n<p>O Santu\u00e1rio de F\u00e1tima oferece, neste ano pastoral de 2023\/2024, um calend\u00e1rio de <a href=\"https:\/\/www.fatima.pt\/pt\/news\/santuario-dinamiza-encontros-semanais-de-leitura-orante-das-escrituras\">31 encontros de lectio divina<\/a> preparat\u00f3ria da celebra\u00e7\u00e3o do domingo. As sess\u00f5es, que t\u00eam como tema agregador a frase de S\u00e3o Jer\u00f3nimo: \u201cIgnorar as Escrituras \u00e9 ignorar a Cristo\u201d, est\u00e3o abertas a toda a comunidade e acontecem \u00e0s 21h00 de sexta-feira, na sala do Esp\u00edrito Santo da Casa de Retiros de nossa Senhora do Carmo. <\/p>\n","protected":false},"excerpt":{"rendered":"<p>O Santu\u00e1rio de F\u00e1tima oferece, neste ano pastoral de 2023\/2024, um calend\u00e1rio de 31 encontros de lectio divina preparat\u00f3ria da celebra\u00e7\u00e3o do domingo. As sess\u00f5es, que t\u00eam como tema agregador [&hellip;]<\/p>\n","protected":false},"author":1,"featured_media":3537,"comment_status":"closed","ping_status":"open","sticky":false,"template":"","format":"standard","meta":{"_et_pb_use_builder":"off","_et_pb_old_content":"","_et_gb_content_width":"","footnotes":""},"categories":[13],"tags":[],"class_list":["post-3551","post","type-post","status-publish","format-standard","has-post-thumbnail","hentry","category-divulgacao","et-has-post-format-content","et_post_format-et-post-format-standard"],"_links":{"self":[{"href":"https:\/\/espiritualidade.carmelitas.pt\/boletim\/wp-json\/wp\/v2\/posts\/3551","targetHints":{"allow":["GET"]}}],"collection":[{"href":"https:\/\/espiritualidade.carmelitas.pt\/boletim\/wp-json\/wp\/v2\/posts"}],"about":[{"href":"https:\/\/espiritualidade.carmelitas.pt\/boletim\/wp-json\/wp\/v2\/types\/post"}],"author":[{"embeddable":true,"href":"https:\/\/espiritualidade.carmelitas.pt\/boletim\/wp-json\/wp\/v2\/users\/1"}],"replies":[{"embeddable":true,"href":"https:\/\/espiritualidade.carmelitas.pt\/boletim\/wp-json\/wp\/v2\/comments?post=3551"}],"version-history":[{"count":1,"href":"https:\/\/espiritualidade.carmelitas.pt\/boletim\/wp-json\/wp\/v2\/posts\/3551\/revisions"}],"predecessor-version":[{"id":3552,"href":"https:\/\/espiritualidade.carmelitas.pt\/boletim\/wp-json\/wp\/v2\/posts\/3551\/revisions\/3552"}],"wp:featuredmedia":[{"embeddable":true,"href":"https:\/\/espiritualidade.carmelitas.pt\/boletim\/wp-json\/wp\/v2\/media\/3537"}],"wp:attachment":[{"href":"https:\/\/espiritualidade.carmelitas.pt\/boletim\/wp-json\/wp\/v2\/media?parent=3551"}],"wp:term":[{"taxonomy":"category","embeddable":true,"href":"https:\/\/espiritualidade.carmelitas.pt\/boletim\/wp-json\/wp\/v2\/categories?post=3551"},{"taxonomy":"post_tag","embeddable":true,"href":"https:\/\/espiritualidade.carmelitas.pt\/boletim\/wp-json\/wp\/v2\/tags?post=3551"}],"curies":[{"name":"wp","href":"https:\/\/api.w.org\/{rel}","templated":true}]}}