{"id":3548,"date":"2023-10-31T02:22:00","date_gmt":"2023-10-31T02:22:00","guid":{"rendered":"https:\/\/espiritualidade.carmelitas.pt\/boletim\/?p=3548"},"modified":"2023-10-27T14:31:28","modified_gmt":"2023-10-27T14:31:28","slug":"retiro-online-para-o-advento-e-natal-com-santa-teresa-dos-andes","status":"publish","type":"post","link":"https:\/\/espiritualidade.carmelitas.pt\/boletim\/retiro-online-para-o-advento-e-natal-com-santa-teresa-dos-andes\/","title":{"rendered":"Retiro online para o Advento e Natal com santa Teresa dos Andes"},"content":{"rendered":"\n<p>Os Carmelitas Descal\u00e7os, dando continuidade ao projeto de retiros online nos tempos fortes, est\u00e3o a preparar o pr\u00f3ximo acompanhados pela carmelita descal\u00e7a santa Teresa dos Andes (1900-1920). Esta santa chilena ajudar\u00e1 a viver mais intensamente este tempo de Advento que se aproxima, introduzindo-nos na alegria e esplendor do nosso Deus nascido para n\u00f3s na simplicidade de um pres\u00e9pio. Santa Teresa dos Andes conduzir-nos-\u00e1 \u00e0 alegria do Natal atrav\u00e9s de 5 etapas: \u2013 1.\u00ba Domingo: \u00abA santidade como objetivo\u00bb; 2.\u00ba Domingo: \u00abA humildade \u00e9 um meio para conhecer Deus\u00bb; 3.\u00ba Domingo: \u00abDeus \u00e9 alegria infinita\u00bb; 4.\u00ba Domingo: \u00abPerto de ti\u00bb e a finalizar: Natal: \u00abQue beleza!\u00bb. Inscreva-se em www.webretiro.karmel.at e cada sexta-feira ser-lhe-\u00e1 enviado um email com a medita\u00e7\u00e3o. <\/p>\n","protected":false},"excerpt":{"rendered":"<p>Os Carmelitas Descal\u00e7os, dando continuidade ao projeto de retiros online nos tempos fortes, est\u00e3o a preparar o pr\u00f3ximo acompanhados pela carmelita descal\u00e7a santa Teresa dos Andes (1900-1920). Esta santa chilena [&hellip;]<\/p>\n","protected":false},"author":1,"featured_media":3549,"comment_status":"closed","ping_status":"open","sticky":false,"template":"","format":"standard","meta":{"_et_pb_use_builder":"off","_et_pb_old_content":"","_et_gb_content_width":"","footnotes":""},"categories":[36],"tags":[],"class_list":["post-3548","post","type-post","status-publish","format-standard","has-post-thumbnail","hentry","category-retiro","et-has-post-format-content","et_post_format-et-post-format-standard"],"_links":{"self":[{"href":"https:\/\/espiritualidade.carmelitas.pt\/boletim\/wp-json\/wp\/v2\/posts\/3548","targetHints":{"allow":["GET"]}}],"collection":[{"href":"https:\/\/espiritualidade.carmelitas.pt\/boletim\/wp-json\/wp\/v2\/posts"}],"about":[{"href":"https:\/\/espiritualidade.carmelitas.pt\/boletim\/wp-json\/wp\/v2\/types\/post"}],"author":[{"embeddable":true,"href":"https:\/\/espiritualidade.carmelitas.pt\/boletim\/wp-json\/wp\/v2\/users\/1"}],"replies":[{"embeddable":true,"href":"https:\/\/espiritualidade.carmelitas.pt\/boletim\/wp-json\/wp\/v2\/comments?post=3548"}],"version-history":[{"count":1,"href":"https:\/\/espiritualidade.carmelitas.pt\/boletim\/wp-json\/wp\/v2\/posts\/3548\/revisions"}],"predecessor-version":[{"id":3550,"href":"https:\/\/espiritualidade.carmelitas.pt\/boletim\/wp-json\/wp\/v2\/posts\/3548\/revisions\/3550"}],"wp:featuredmedia":[{"embeddable":true,"href":"https:\/\/espiritualidade.carmelitas.pt\/boletim\/wp-json\/wp\/v2\/media\/3549"}],"wp:attachment":[{"href":"https:\/\/espiritualidade.carmelitas.pt\/boletim\/wp-json\/wp\/v2\/media?parent=3548"}],"wp:term":[{"taxonomy":"category","embeddable":true,"href":"https:\/\/espiritualidade.carmelitas.pt\/boletim\/wp-json\/wp\/v2\/categories?post=3548"},{"taxonomy":"post_tag","embeddable":true,"href":"https:\/\/espiritualidade.carmelitas.pt\/boletim\/wp-json\/wp\/v2\/tags?post=3548"}],"curies":[{"name":"wp","href":"https:\/\/api.w.org\/{rel}","templated":true}]}}