{"id":3545,"date":"2023-10-31T02:18:00","date_gmt":"2023-10-31T02:18:00","guid":{"rendered":"https:\/\/espiritualidade.carmelitas.pt\/boletim\/?p=3545"},"modified":"2023-10-27T14:22:09","modified_gmt":"2023-10-27T14:22:09","slug":"de-vespera-comfrancisco-palau-e-isabel-da-trindade","status":"publish","type":"post","link":"https:\/\/espiritualidade.carmelitas.pt\/boletim\/de-vespera-comfrancisco-palau-e-isabel-da-trindade\/","title":{"rendered":"De v\u00e9spera com\u2026Francisco Palau e Isabel da Trindade"},"content":{"rendered":"\n<p>\u00abDe V\u00e9spera com\u0085\u00bb \u00e9 uma proposta de forma\u00e7\u00e3o na \u00e1rea da espiritualidade que os Carmelitas Descal\u00e7os proporcionam no dia anterior \u00e0 celebra\u00e7\u00e3o lit\u00fargica do principais santos e beatos do calend\u00e1rio pr\u00f3prio do Carmelo. Este momento de forma\u00e7\u00e3o e ora\u00e7\u00e3o constar\u00e1 de uma comunica\u00e7\u00e3o, \u00e0s 21h30. Ao aproximar-se a celebra\u00e7\u00e3o do beato Francisco Palau, sacerdote carmelita espanhol fundador de duas congrega\u00e7\u00f5es de irm\u00e3s carmelitas, haver\u00e1 no dia 6 de novembro, uma transmiss\u00e3o online com um momento formativo e espiritual orientado pelas Carmelitas Mission\u00e1rias e no dia 7 de novembro ser\u00e1 dedicado a santa Isabel da Trindade, sob orienta\u00e7\u00e3o de Francisco Bragu\u00eas. Ser\u00e1 transmitido nas diferentes plataformas da Ordem dos Carmelitas em Portugal. <\/p>\n","protected":false},"excerpt":{"rendered":"<p>\u00abDe V\u00e9spera com\u0085\u00bb \u00e9 uma proposta de forma\u00e7\u00e3o na \u00e1rea da espiritualidade que os Carmelitas Descal\u00e7os proporcionam no dia anterior \u00e0 celebra\u00e7\u00e3o lit\u00fargica do principais santos e beatos do calend\u00e1rio [&hellip;]<\/p>\n","protected":false},"author":1,"featured_media":3539,"comment_status":"closed","ping_status":"open","sticky":false,"template":"","format":"standard","meta":{"_et_pb_use_builder":"off","_et_pb_old_content":"","_et_gb_content_width":"","footnotes":""},"categories":[18],"tags":[],"class_list":["post-3545","post","type-post","status-publish","format-standard","has-post-thumbnail","hentry","category-santos","et-has-post-format-content","et_post_format-et-post-format-standard"],"_links":{"self":[{"href":"https:\/\/espiritualidade.carmelitas.pt\/boletim\/wp-json\/wp\/v2\/posts\/3545","targetHints":{"allow":["GET"]}}],"collection":[{"href":"https:\/\/espiritualidade.carmelitas.pt\/boletim\/wp-json\/wp\/v2\/posts"}],"about":[{"href":"https:\/\/espiritualidade.carmelitas.pt\/boletim\/wp-json\/wp\/v2\/types\/post"}],"author":[{"embeddable":true,"href":"https:\/\/espiritualidade.carmelitas.pt\/boletim\/wp-json\/wp\/v2\/users\/1"}],"replies":[{"embeddable":true,"href":"https:\/\/espiritualidade.carmelitas.pt\/boletim\/wp-json\/wp\/v2\/comments?post=3545"}],"version-history":[{"count":1,"href":"https:\/\/espiritualidade.carmelitas.pt\/boletim\/wp-json\/wp\/v2\/posts\/3545\/revisions"}],"predecessor-version":[{"id":3547,"href":"https:\/\/espiritualidade.carmelitas.pt\/boletim\/wp-json\/wp\/v2\/posts\/3545\/revisions\/3547"}],"wp:featuredmedia":[{"embeddable":true,"href":"https:\/\/espiritualidade.carmelitas.pt\/boletim\/wp-json\/wp\/v2\/media\/3539"}],"wp:attachment":[{"href":"https:\/\/espiritualidade.carmelitas.pt\/boletim\/wp-json\/wp\/v2\/media?parent=3545"}],"wp:term":[{"taxonomy":"category","embeddable":true,"href":"https:\/\/espiritualidade.carmelitas.pt\/boletim\/wp-json\/wp\/v2\/categories?post=3545"},{"taxonomy":"post_tag","embeddable":true,"href":"https:\/\/espiritualidade.carmelitas.pt\/boletim\/wp-json\/wp\/v2\/tags?post=3545"}],"curies":[{"name":"wp","href":"https:\/\/api.w.org\/{rel}","templated":true}]}}