{"id":349,"date":"2017-06-18T12:59:00","date_gmt":"2017-06-18T12:59:00","guid":{"rendered":"http:\/\/espiritualidade.carmelitas.pt\/boletim\/?p=349"},"modified":"2017-06-18T12:59:00","modified_gmt":"2017-06-18T12:59:00","slug":"teologia-espiritualidad-y-moral","status":"publish","type":"post","link":"https:\/\/espiritualidade.carmelitas.pt\/boletim\/teologia-espiritualidad-y-moral\/","title":{"rendered":"Teolog\u00eda, espiritualidad y moral"},"content":{"rendered":"<p class=\"p2\">A Editorial Monte Carmelo, de Burgos (Espanha), publicou recentemente uma nova obra do Padre Daniel de Pablo Maroto: <i>El teresianismo. Teolog\u00eda, espiritualidad y moral<\/i>. Trata-se de uma s\u00edntese da vida e da doutrina de Santa Teresa de Jesus, baseada principalmente nos ensinamentos da mestra em suas obras e, ao mesmo tempo, nos estudos precedentes do autor sobre a Santa, a teologia espiritual e a hist\u00f3ria da espiritualidade. Na primeira parte da obra exp\u00f5em-se os grandes temas dogm\u00e1ticos do cristianismo vividos por Teresa: Deus, Cristo, o Esp\u00edrito Santo, a Virgem Maria e S\u00e3o Jos\u00e9, a Sagrada Escritura, a Igreja, a gra\u00e7a que dignifica o homem e o feminismo crist\u00e3o. S\u00e3o precedidos por dois cap\u00edtulos, um dos quais \u00e9 uma s\u00edntese da vida e das obras e o outro discorre sobre a m\u00edstica. Na segunda parte exp\u00f5e-se \u201co compromisso \u00e9tico do crist\u00e3o\u201d, as \u201cobras\u201d: a humildade como viver na verdade, a caridade, a vida asc\u00e9tica, a ora\u00e7\u00e3o, os \u201cestados de vida\u201d na Igreja. A obra \u00e9 conclu\u00edda com uma \u201creflex\u00e3o final\u201d sobre a m\u00edstica hoje.<\/p>\n","protected":false},"excerpt":{"rendered":"<p>A Editorial Monte Carmelo, de Burgos (Espanha), publicou recentemente uma nova obra do Padre Daniel de Pablo Maroto: El teresianismo. Teolog\u00eda, espiritualidad y moral. Trata-se de uma s\u00edntese da vida [&hellip;]<\/p>\n","protected":false},"author":1,"featured_media":0,"comment_status":"closed","ping_status":"open","sticky":false,"template":"","format":"standard","meta":{"_et_pb_use_builder":"","_et_pb_old_content":"","_et_gb_content_width":"","footnotes":""},"categories":[8],"tags":[],"class_list":["post-349","post","type-post","status-publish","format-standard","hentry","category-livros","et-doesnt-have-format-content","et_post_format-et-post-format-standard"],"_links":{"self":[{"href":"https:\/\/espiritualidade.carmelitas.pt\/boletim\/wp-json\/wp\/v2\/posts\/349","targetHints":{"allow":["GET"]}}],"collection":[{"href":"https:\/\/espiritualidade.carmelitas.pt\/boletim\/wp-json\/wp\/v2\/posts"}],"about":[{"href":"https:\/\/espiritualidade.carmelitas.pt\/boletim\/wp-json\/wp\/v2\/types\/post"}],"author":[{"embeddable":true,"href":"https:\/\/espiritualidade.carmelitas.pt\/boletim\/wp-json\/wp\/v2\/users\/1"}],"replies":[{"embeddable":true,"href":"https:\/\/espiritualidade.carmelitas.pt\/boletim\/wp-json\/wp\/v2\/comments?post=349"}],"version-history":[{"count":1,"href":"https:\/\/espiritualidade.carmelitas.pt\/boletim\/wp-json\/wp\/v2\/posts\/349\/revisions"}],"predecessor-version":[{"id":350,"href":"https:\/\/espiritualidade.carmelitas.pt\/boletim\/wp-json\/wp\/v2\/posts\/349\/revisions\/350"}],"wp:attachment":[{"href":"https:\/\/espiritualidade.carmelitas.pt\/boletim\/wp-json\/wp\/v2\/media?parent=349"}],"wp:term":[{"taxonomy":"category","embeddable":true,"href":"https:\/\/espiritualidade.carmelitas.pt\/boletim\/wp-json\/wp\/v2\/categories?post=349"},{"taxonomy":"post_tag","embeddable":true,"href":"https:\/\/espiritualidade.carmelitas.pt\/boletim\/wp-json\/wp\/v2\/tags?post=349"}],"curies":[{"name":"wp","href":"https:\/\/api.w.org\/{rel}","templated":true}]}}