{"id":3484,"date":"2023-08-31T02:38:00","date_gmt":"2023-08-31T02:38:00","guid":{"rendered":"https:\/\/espiritualidade.carmelitas.pt\/boletim\/?p=3484"},"modified":"2023-08-28T09:40:03","modified_gmt":"2023-08-28T09:40:03","slug":"de-vespera-com-santa-teresa-do-menino-jesus-2","status":"publish","type":"post","link":"https:\/\/espiritualidade.carmelitas.pt\/boletim\/de-vespera-com-santa-teresa-do-menino-jesus-2\/","title":{"rendered":"De v\u00e9spera com\u2026 Santa Teresa do Menino Jesus"},"content":{"rendered":"\n<p>30 de setembro \u00e0s 21:30h<\/p>\n\n\n\n<p>Para continuar a conhecer e celebrar as festas lit\u00fargicas dos santos carmelitas e suas figuras de refer\u00eancia, como a Virgem Maria e S\u00e3o Jos\u00e9, os Carmelitas Descal\u00e7os ir\u00e3o apresentar uma comunica\u00e7\u00e3o, via online, \u00e0s 21h30, na v\u00e9spera da mem\u00f3ria, festa ou solenidade do respetivo santo, assinalado pelo calend\u00e1rio lit\u00fargico. Este tema alusivo a cada santo ter\u00e1 a dura\u00e7\u00e3o de cerca de 50 a 60 minutos e ser\u00e1 orientado por v\u00e1rios membros da fam\u00edlia carmelita. Ao aproximar-se a celebra\u00e7\u00e3o de Santa Teresa do Menino Jesus, padroeira das miss\u00f5es e doutora da Igreja, haver\u00e1 no dia 30 de setembro, pelas 21h30, uma transmiss\u00e3o online com um momento formativo e espiritual. Ser\u00e1 transmitido nas diferentes plataformas da Ordem dos Carmelitas em Portugal. <\/p>\n","protected":false},"excerpt":{"rendered":"<p>30 de setembro \u00e0s 21:30h Para continuar a conhecer e celebrar as festas lit\u00fargicas dos santos carmelitas e suas figuras de refer\u00eancia, como a Virgem Maria e S\u00e3o Jos\u00e9, os [&hellip;]<\/p>\n","protected":false},"author":1,"featured_media":3136,"comment_status":"closed","ping_status":"open","sticky":false,"template":"","format":"standard","meta":{"_et_pb_use_builder":"off","_et_pb_old_content":"","_et_gb_content_width":"","footnotes":""},"categories":[18],"tags":[],"class_list":["post-3484","post","type-post","status-publish","format-standard","has-post-thumbnail","hentry","category-santos","et-has-post-format-content","et_post_format-et-post-format-standard"],"_links":{"self":[{"href":"https:\/\/espiritualidade.carmelitas.pt\/boletim\/wp-json\/wp\/v2\/posts\/3484","targetHints":{"allow":["GET"]}}],"collection":[{"href":"https:\/\/espiritualidade.carmelitas.pt\/boletim\/wp-json\/wp\/v2\/posts"}],"about":[{"href":"https:\/\/espiritualidade.carmelitas.pt\/boletim\/wp-json\/wp\/v2\/types\/post"}],"author":[{"embeddable":true,"href":"https:\/\/espiritualidade.carmelitas.pt\/boletim\/wp-json\/wp\/v2\/users\/1"}],"replies":[{"embeddable":true,"href":"https:\/\/espiritualidade.carmelitas.pt\/boletim\/wp-json\/wp\/v2\/comments?post=3484"}],"version-history":[{"count":1,"href":"https:\/\/espiritualidade.carmelitas.pt\/boletim\/wp-json\/wp\/v2\/posts\/3484\/revisions"}],"predecessor-version":[{"id":3485,"href":"https:\/\/espiritualidade.carmelitas.pt\/boletim\/wp-json\/wp\/v2\/posts\/3484\/revisions\/3485"}],"wp:featuredmedia":[{"embeddable":true,"href":"https:\/\/espiritualidade.carmelitas.pt\/boletim\/wp-json\/wp\/v2\/media\/3136"}],"wp:attachment":[{"href":"https:\/\/espiritualidade.carmelitas.pt\/boletim\/wp-json\/wp\/v2\/media?parent=3484"}],"wp:term":[{"taxonomy":"category","embeddable":true,"href":"https:\/\/espiritualidade.carmelitas.pt\/boletim\/wp-json\/wp\/v2\/categories?post=3484"},{"taxonomy":"post_tag","embeddable":true,"href":"https:\/\/espiritualidade.carmelitas.pt\/boletim\/wp-json\/wp\/v2\/tags?post=3484"}],"curies":[{"name":"wp","href":"https:\/\/api.w.org\/{rel}","templated":true}]}}