{"id":3472,"date":"2023-07-31T02:45:00","date_gmt":"2023-07-31T02:45:00","guid":{"rendered":"https:\/\/espiritualidade.carmelitas.pt\/boletim\/?p=3472"},"modified":"2023-07-28T07:46:28","modified_gmt":"2023-07-28T07:46:28","slug":"atas-dos-congressos-teresianos","status":"publish","type":"post","link":"https:\/\/espiritualidade.carmelitas.pt\/boletim\/atas-dos-congressos-teresianos\/","title":{"rendered":"Atas dos Congressos Teresianos"},"content":{"rendered":"\n<p><strong>Acesso livre na plataforma\u00a0 <em>Digicarmel<\/em><\/strong><\/p>\n\n\n\n<p>O <a href=\"https:\/\/delaruecaalapluma.com\/2023\/07\/26\/actas-de-los-congresos-teresianos-en-acceso-abierto-en-digicarmel\/.\"><em>blog<\/em> <em>delaruecaalapluma<\/em><\/a><em>.com<\/em> anunciou que o portal <em>Digicarmel<\/em>, em colabora\u00e7\u00e3o com a editorial<em> Monte Carmelo<\/em> e o <em>CITeS<\/em> de \u00c1vila, oferece ao p\u00fablico, em acesso livre para consulta, as Atas dos Congressos Internacionais realizados na <em>Universidad de la M\u00edstica<\/em> na prepara\u00e7\u00e3o ao V Centen\u00e1rio da nascimento de Santa Teresa de Jesus (1515-2015).<\/p>\n\n\n\n<p>Os textos est\u00e3o alojados na <em>Bibliotheca Carmelitana Digitalis<\/em> (BCD) da <em>Digicarmel<\/em>. O <em>blog<\/em> organizou uma s\u00e9rie de <em>links<\/em> para facilitar o acesso a cada um dos volumes. \u00c9 feito o agradecimento a todos os que t\u00eam participado nesta iniciativa, no sentido de levar este valioso material ao p\u00fablico interessado na vida, obra e legado de Teresa de Jesus. A par deste material, tamb\u00e9m se informa que o mesmo <em>blog<\/em> tem organizado uma biblioteca com v\u00e1rios <em>links<\/em> para acesso digital \u00e0s v\u00e1rias edi\u00e7\u00f5es das obras cl\u00e1ssicas de S\u00e3o Jo\u00e3o da Cruz e de Santa Teresa de Jesus. Visite o <em>blog<\/em> em<\/p>\n\n\n\n<figure class=\"wp-block-embed\"><div class=\"wp-block-embed__wrapper\">\nhttps:\/\/delaruecaalapluma.com\/2023\/07\/26\/actas-de-los-congresos-teresianos-en-acceso-abierto-en-digicarmel\/.\n<\/div><\/figure>\n","protected":false},"excerpt":{"rendered":"<p>Acesso livre na plataforma\u00a0 Digicarmel O blog delaruecaalapluma.com anunciou que o portal Digicarmel, em colabora\u00e7\u00e3o com a editorial Monte Carmelo e o CITeS de \u00c1vila, oferece ao p\u00fablico, em acesso [&hellip;]<\/p>\n","protected":false},"author":1,"featured_media":3456,"comment_status":"closed","ping_status":"open","sticky":false,"template":"","format":"standard","meta":{"_et_pb_use_builder":"off","_et_pb_old_content":"","_et_gb_content_width":"","footnotes":""},"categories":[1],"tags":[],"class_list":["post-3472","post","type-post","status-publish","format-standard","has-post-thumbnail","hentry","category-cursos","et-has-post-format-content","et_post_format-et-post-format-standard"],"_links":{"self":[{"href":"https:\/\/espiritualidade.carmelitas.pt\/boletim\/wp-json\/wp\/v2\/posts\/3472","targetHints":{"allow":["GET"]}}],"collection":[{"href":"https:\/\/espiritualidade.carmelitas.pt\/boletim\/wp-json\/wp\/v2\/posts"}],"about":[{"href":"https:\/\/espiritualidade.carmelitas.pt\/boletim\/wp-json\/wp\/v2\/types\/post"}],"author":[{"embeddable":true,"href":"https:\/\/espiritualidade.carmelitas.pt\/boletim\/wp-json\/wp\/v2\/users\/1"}],"replies":[{"embeddable":true,"href":"https:\/\/espiritualidade.carmelitas.pt\/boletim\/wp-json\/wp\/v2\/comments?post=3472"}],"version-history":[{"count":1,"href":"https:\/\/espiritualidade.carmelitas.pt\/boletim\/wp-json\/wp\/v2\/posts\/3472\/revisions"}],"predecessor-version":[{"id":3473,"href":"https:\/\/espiritualidade.carmelitas.pt\/boletim\/wp-json\/wp\/v2\/posts\/3472\/revisions\/3473"}],"wp:featuredmedia":[{"embeddable":true,"href":"https:\/\/espiritualidade.carmelitas.pt\/boletim\/wp-json\/wp\/v2\/media\/3456"}],"wp:attachment":[{"href":"https:\/\/espiritualidade.carmelitas.pt\/boletim\/wp-json\/wp\/v2\/media?parent=3472"}],"wp:term":[{"taxonomy":"category","embeddable":true,"href":"https:\/\/espiritualidade.carmelitas.pt\/boletim\/wp-json\/wp\/v2\/categories?post=3472"},{"taxonomy":"post_tag","embeddable":true,"href":"https:\/\/espiritualidade.carmelitas.pt\/boletim\/wp-json\/wp\/v2\/tags?post=3472"}],"curies":[{"name":"wp","href":"https:\/\/api.w.org\/{rel}","templated":true}]}}