{"id":347,"date":"2017-06-18T12:57:31","date_gmt":"2017-06-18T12:57:31","guid":{"rendered":"http:\/\/espiritualidade.carmelitas.pt\/boletim\/?p=347"},"modified":"2017-06-18T12:57:31","modified_gmt":"2017-06-18T12:57:31","slug":"encontro-europeu-de-jovens","status":"publish","type":"post","link":"https:\/\/espiritualidade.carmelitas.pt\/boletim\/encontro-europeu-de-jovens\/","title":{"rendered":"Encontro Europeu de Jovens"},"content":{"rendered":"<p class=\"p3\">O m\u00eas de Agosto vai trazer \u00e0 cidade de \u00c1vila um vasto leque de actividades. Entre outras, destaca-se o Encontro Europeu de Jovens, organizado pela confer\u00eancia Episcopal Espanhola e a Ordem Carmelita.<\/p>\n<p class=\"p3\">Este acontecimento eclesial \u00e9 uma forma vis\u00edvel de expressar a f\u00e9 em Jesus e o dinamismo da Igreja. Os jovens se reunir\u00e3o em torno de Cristo, convocados por Santa Teresa, para e testemunhar o Evangelho.<\/p>\n","protected":false},"excerpt":{"rendered":"<p>O m\u00eas de Agosto vai trazer \u00e0 cidade de \u00c1vila um vasto leque de actividades. Entre outras, destaca-se o Encontro Europeu de Jovens, organizado pela confer\u00eancia Episcopal Espanhola e a [&hellip;]<\/p>\n","protected":false},"author":1,"featured_media":0,"comment_status":"closed","ping_status":"open","sticky":false,"template":"","format":"standard","meta":{"_et_pb_use_builder":"","_et_pb_old_content":"","_et_gb_content_width":"","footnotes":""},"categories":[17,14,15],"tags":[],"class_list":["post-347","post","type-post","status-publish","format-standard","hentry","category-jovens","category-oracao","category-vocacao","et-doesnt-have-format-content","et_post_format-et-post-format-standard"],"_links":{"self":[{"href":"https:\/\/espiritualidade.carmelitas.pt\/boletim\/wp-json\/wp\/v2\/posts\/347","targetHints":{"allow":["GET"]}}],"collection":[{"href":"https:\/\/espiritualidade.carmelitas.pt\/boletim\/wp-json\/wp\/v2\/posts"}],"about":[{"href":"https:\/\/espiritualidade.carmelitas.pt\/boletim\/wp-json\/wp\/v2\/types\/post"}],"author":[{"embeddable":true,"href":"https:\/\/espiritualidade.carmelitas.pt\/boletim\/wp-json\/wp\/v2\/users\/1"}],"replies":[{"embeddable":true,"href":"https:\/\/espiritualidade.carmelitas.pt\/boletim\/wp-json\/wp\/v2\/comments?post=347"}],"version-history":[{"count":1,"href":"https:\/\/espiritualidade.carmelitas.pt\/boletim\/wp-json\/wp\/v2\/posts\/347\/revisions"}],"predecessor-version":[{"id":348,"href":"https:\/\/espiritualidade.carmelitas.pt\/boletim\/wp-json\/wp\/v2\/posts\/347\/revisions\/348"}],"wp:attachment":[{"href":"https:\/\/espiritualidade.carmelitas.pt\/boletim\/wp-json\/wp\/v2\/media?parent=347"}],"wp:term":[{"taxonomy":"category","embeddable":true,"href":"https:\/\/espiritualidade.carmelitas.pt\/boletim\/wp-json\/wp\/v2\/categories?post=347"},{"taxonomy":"post_tag","embeddable":true,"href":"https:\/\/espiritualidade.carmelitas.pt\/boletim\/wp-json\/wp\/v2\/tags?post=347"}],"curies":[{"name":"wp","href":"https:\/\/api.w.org\/{rel}","templated":true}]}}