{"id":345,"date":"2017-06-18T12:56:36","date_gmt":"2017-06-18T12:56:36","guid":{"rendered":"http:\/\/espiritualidade.carmelitas.pt\/boletim\/?p=345"},"modified":"2017-06-18T12:56:36","modified_gmt":"2017-06-18T12:56:36","slug":"congresso-interuniversitario-santa-teresa-de-jesus-mestra-da-vida","status":"publish","type":"post","link":"https:\/\/espiritualidade.carmelitas.pt\/boletim\/congresso-interuniversitario-santa-teresa-de-jesus-mestra-da-vida\/","title":{"rendered":"Congresso Interuniversit\u00e1rio: Santa Teresa de Jesus: Mestra da Vida"},"content":{"rendered":"<p class=\"p3\"><i>\u00c1vila, 1 a 3 de Agosto de 2015<\/i><\/p>\n<p class=\"p3\">A cidade que viu nascer Teresa de Cepeda y Ahumada, Santa Teresa de Jesus, h\u00e1 500 anos, acolhe o congresso interuniversit\u00e1rio.<\/p>\n<p class=\"p3\">Este congresso, que conta j\u00e1 com centenas de inscritos, \u00e9 organizado pela Universidade Cat\u00f3lica Santa Teresa de \u00c1vila (UCAV) em conjunto com a Universidade Cat\u00f3lica de Val\u00eancia, as universidades CEU S. Paulo, Abat Oliba CEU y CEU Cardeal Herrera, assim como a Universidade Francisco de Vit\u00f3ria e a Universidade San Jorge. O principal objectivo \u00e9 trazer ao mundo universit\u00e1rio a figura p\u00fablica da Santa de \u00c1vila, em diferentes perspectivas que abordam a import\u00e2ncia Teresiana na nova evangeliza\u00e7\u00e3o, na vida interior, na sociedade de hoje, especialmente, trazendo ao dia-a-dia os seus ensinamentos.<\/p>\n","protected":false},"excerpt":{"rendered":"<p>\u00c1vila, 1 a 3 de Agosto de 2015 A cidade que viu nascer Teresa de Cepeda y Ahumada, Santa Teresa de Jesus, h\u00e1 500 anos, acolhe o congresso interuniversit\u00e1rio. Este [&hellip;]<\/p>\n","protected":false},"author":1,"featured_media":0,"comment_status":"closed","ping_status":"open","sticky":false,"template":"","format":"standard","meta":{"_et_pb_use_builder":"","_et_pb_old_content":"","_et_gb_content_width":"","footnotes":""},"categories":[12],"tags":[],"class_list":["post-345","post","type-post","status-publish","format-standard","hentry","category-congressos","et-doesnt-have-format-content","et_post_format-et-post-format-standard"],"_links":{"self":[{"href":"https:\/\/espiritualidade.carmelitas.pt\/boletim\/wp-json\/wp\/v2\/posts\/345","targetHints":{"allow":["GET"]}}],"collection":[{"href":"https:\/\/espiritualidade.carmelitas.pt\/boletim\/wp-json\/wp\/v2\/posts"}],"about":[{"href":"https:\/\/espiritualidade.carmelitas.pt\/boletim\/wp-json\/wp\/v2\/types\/post"}],"author":[{"embeddable":true,"href":"https:\/\/espiritualidade.carmelitas.pt\/boletim\/wp-json\/wp\/v2\/users\/1"}],"replies":[{"embeddable":true,"href":"https:\/\/espiritualidade.carmelitas.pt\/boletim\/wp-json\/wp\/v2\/comments?post=345"}],"version-history":[{"count":1,"href":"https:\/\/espiritualidade.carmelitas.pt\/boletim\/wp-json\/wp\/v2\/posts\/345\/revisions"}],"predecessor-version":[{"id":346,"href":"https:\/\/espiritualidade.carmelitas.pt\/boletim\/wp-json\/wp\/v2\/posts\/345\/revisions\/346"}],"wp:attachment":[{"href":"https:\/\/espiritualidade.carmelitas.pt\/boletim\/wp-json\/wp\/v2\/media?parent=345"}],"wp:term":[{"taxonomy":"category","embeddable":true,"href":"https:\/\/espiritualidade.carmelitas.pt\/boletim\/wp-json\/wp\/v2\/categories?post=345"},{"taxonomy":"post_tag","embeddable":true,"href":"https:\/\/espiritualidade.carmelitas.pt\/boletim\/wp-json\/wp\/v2\/tags?post=345"}],"curies":[{"name":"wp","href":"https:\/\/api.w.org\/{rel}","templated":true}]}}