{"id":343,"date":"2017-06-18T12:56:16","date_gmt":"2017-06-18T12:56:16","guid":{"rendered":"http:\/\/espiritualidade.carmelitas.pt\/boletim\/?p=343"},"modified":"2017-06-18T12:56:16","modified_gmt":"2017-06-18T12:56:16","slug":"ucp-faculdade-de-teologia-apresenta-cursos-para-201516","status":"publish","type":"post","link":"https:\/\/espiritualidade.carmelitas.pt\/boletim\/ucp-faculdade-de-teologia-apresenta-cursos-para-201516\/","title":{"rendered":"UCP: Faculdade de Teologia apresenta cursos para 2015\/16"},"content":{"rendered":"<p class=\"p3\">A Faculdade de Teologia da Universidade Cat\u00f3lica Portuguesa (n\u00facleo do Porto) divulgou a oferta formativa para o ano lectivo de 2015\/16.<\/p>\n<p class=\"p3\">A <b>licenciatura em Ci\u00eancias Religiosas<\/b>, com um plano curricular de tr\u00eas anos em regime de \u201cb-learning\u201d, o que permite concentrar a componente presencial \u00e0 sexta-feira \u00e0 noite (19h00 \u2013 23h00) e ao s\u00e1bado de manh\u00e3 (8h30 &#8211; 13h00), complementada com a apresenta\u00e7\u00e3o de conte\u00fados e envio de trabalhos atrav\u00e9s da internet, destina-se \u00e0 forma\u00e7\u00e3o cient\u00edfica de agentes pastorais e de docentes de Educa\u00e7\u00e3o Moral e Religiosa Cat\u00f3lica no \u00e2mbito do ensino b\u00e1sico e secund\u00e1rio. O <b>mestrado integrado em Teologia<\/b>, com um plano curricular de cinco anos, leccionado em hor\u00e1rio diurno (segunda a sexta-feira, das 8h30 \u00e0s 13h00), \u00e9 frequentado por \u00abalunos que procuram uma s\u00f3lida forma\u00e7\u00e3o teol\u00f3gica, entre os quais se contam leigos e candidatos ao minist\u00e9rio ordenado e \u00e0 vida religiosa\u00bb. O <b>mestrado em Estudos da Religi\u00e3o<\/b> (1.\u00ba grau can\u00f3nico) foi criado para abrir a um p\u00fablico mais amplo a lecciona\u00e7\u00e3o regular que decorre na Faculdade de Teologia. A cada candidato \u00e9 atribu\u00eddo um tutor com quem desenha, semestre a semestre, um curso coerente que corresponda aos seus interesses dominantes e que se traduzir\u00e1, por fim, numa disserta\u00e7\u00e3o de mestrado. Por fim, o <b>doutoramento em Teologia<\/b> \u00e9 destinado a quem pretende aprofundar a sua forma\u00e7\u00e3o teol\u00f3gica e desenvolver uma investiga\u00e7\u00e3o orientada, rigorosa e inovadora em Teologia.<\/p>\n<p class=\"p4\"><span class=\"s2\">Mais informa\u00e7\u00f5es: <\/span><span class=\"s3\">http:\/\/www.teologia.porto.ucp.pt\/<\/span><\/p>\n","protected":false},"excerpt":{"rendered":"<p>A Faculdade de Teologia da Universidade Cat\u00f3lica Portuguesa (n\u00facleo do Porto) divulgou a oferta formativa para o ano lectivo de 2015\/16. A licenciatura em Ci\u00eancias Religiosas, com um plano curricular [&hellip;]<\/p>\n","protected":false},"author":1,"featured_media":0,"comment_status":"closed","ping_status":"open","sticky":false,"template":"","format":"standard","meta":{"_et_pb_use_builder":"","_et_pb_old_content":"","_et_gb_content_width":"","footnotes":""},"categories":[1],"tags":[],"class_list":["post-343","post","type-post","status-publish","format-standard","hentry","category-cursos","et-doesnt-have-format-content","et_post_format-et-post-format-standard"],"_links":{"self":[{"href":"https:\/\/espiritualidade.carmelitas.pt\/boletim\/wp-json\/wp\/v2\/posts\/343","targetHints":{"allow":["GET"]}}],"collection":[{"href":"https:\/\/espiritualidade.carmelitas.pt\/boletim\/wp-json\/wp\/v2\/posts"}],"about":[{"href":"https:\/\/espiritualidade.carmelitas.pt\/boletim\/wp-json\/wp\/v2\/types\/post"}],"author":[{"embeddable":true,"href":"https:\/\/espiritualidade.carmelitas.pt\/boletim\/wp-json\/wp\/v2\/users\/1"}],"replies":[{"embeddable":true,"href":"https:\/\/espiritualidade.carmelitas.pt\/boletim\/wp-json\/wp\/v2\/comments?post=343"}],"version-history":[{"count":1,"href":"https:\/\/espiritualidade.carmelitas.pt\/boletim\/wp-json\/wp\/v2\/posts\/343\/revisions"}],"predecessor-version":[{"id":344,"href":"https:\/\/espiritualidade.carmelitas.pt\/boletim\/wp-json\/wp\/v2\/posts\/343\/revisions\/344"}],"wp:attachment":[{"href":"https:\/\/espiritualidade.carmelitas.pt\/boletim\/wp-json\/wp\/v2\/media?parent=343"}],"wp:term":[{"taxonomy":"category","embeddable":true,"href":"https:\/\/espiritualidade.carmelitas.pt\/boletim\/wp-json\/wp\/v2\/categories?post=343"},{"taxonomy":"post_tag","embeddable":true,"href":"https:\/\/espiritualidade.carmelitas.pt\/boletim\/wp-json\/wp\/v2\/tags?post=343"}],"curies":[{"name":"wp","href":"https:\/\/api.w.org\/{rel}","templated":true}]}}